{"id":8258,"date":"2021-11-24T00:43:18","date_gmt":"2021-11-23T22:43:18","guid":{"rendered":"https:\/\/www.creamoda.be\/?p=8258"},"modified":"2024-08-26T15:58:59","modified_gmt":"2024-08-26T13:58:59","slug":"504-mode-unie-roept-op-om-massaal-lokaal-te-kopen-op-red-friday","status":"publish","type":"post","link":"https:\/\/www.creamoda.be\/nl\/504-mode-unie-roept-op-om-massaal-lokaal-te-kopen-op-red-friday","title":{"rendered":"Mode Unie roept op om massaal lokaal te kopen op RED FRIDAY"},"content":{"rendered":"<p>Tijdens de eerste lockdown klonk het collectief \u2018koop lokaal, Winkelhier\u2019. Dat lokale winkeliers het hart en de longen zijn van elke stad en gemeente en dat ze tijdens de verplichte sluiting dan ook extra ondersteund dienden te worden, daarover bestond geen twijfel.<\/p>\n<p>Nog geen acht maanden na de eerste lockdown staan modehandelaars alweer voor een verplichte sluiting. Een verplichte sluiting vol online kortingsdagen, met als hoogtepunt\u00a0Black Friday.\u00a0Volledig online\u00a0deze keer. Lokale modehandelaars zijn hierbij niet opgewassen tegen de online giganten. Zij kunnen gooien met klinkende kortingen omdat ze met andere marges werken, zij kunnen veel geld spenderen aan grote, nationale promotiecampagnes.<\/p>\n<p>&#8220;Pleit Mode Unie dan voor het stoppen van kortingen en het niet kopen op actiedagen op Black Friday? Helemaal niet. We pleiten wel voor gezond verstand!\u00a0En we vragen de consument twee keer na te denken waar hij of zij iets koopt&#8221;, aldus Isolde Delanghe, directeur Mode Unie.<\/p>\n<p>Mode Unie roept de laatste vrijdag van november voortaan dan ook uit tot\u00a0RED FRIDAY. Een dag waar het\u00a0kopen bij lokale handelaars\u00a0centraal staat. H\u00fan vrijdag moet immers gered worden! Grote internationale webshops en ketens, die redden zichzelf wel.<\/p>\n<p>Lokale handelaars zijn immers de kern van het maatschappelijke weefsel: zij zorgen voor bloeiende stads- en dorpskernen, zij sponsoren lokale verenigingen, zij zorgen voor een 10 op 10 qua sfeer en gezelligheid in winkelstraten, met kerstverlichting en mooie etalages die we in deze donkere dagen meer dan ooit kunnen gebruiken.<\/p>\n<p>&#8220;Belgi\u00eb heeft \u00e9\u00e9n van de\u00a0meest vertakte modewinkel landschappen ter wereld. Willen we die diversiteit blijven behouden en willen we blijven genieten van een authentieke winkelbeleving en een ongelofelijk sterke service, dan moeten we met z\u2019n allen bewust aankopen. Want als in elke stad dezelfde ketenwinkels overblijven, hebben we overal eenheidsworst: daar wordt niemand gelukkig van&#8221;, stelt Delanghe.<\/p>\n<p>Mode Unie roept consumenten dan ook op om\u00a0RED FRIDAY\u00a0mee te vieren op\u00a027 november\u00a0en hun steentje bij te dragen. Door te shoppen bij hun lokale handelaar laten consumenten weten dat ze hen steunen in deze bijzonder moeilijke periode!\u00a0<strong><br \/>\n<\/strong><\/p>\n<p>Isolde Delanghe &#8211;\u00a0<a href=\"mailto:isolde.delanghe@modeunie.be\" target=\"_blank\" rel=\"noopener\">isolde.delanghe@modeunie.be<\/a>\u00a0&#8211; 0473\/89 45 18<\/p>\n","protected":false},"excerpt":{"rendered":"<p>Tijdens de eerste lockdown klonk het collectief \u2018koop lokaal, Winkelhier\u2019. Dat lokale winkeliers het hart en de longen zijn van elke stad en gemeente en dat ze tijdens de verplichte sluiting dan ook extra ondersteund dienden te worden, daarover bestond geen twijfel. Nog geen acht maanden na de eerste lockdown staan modehandelaars alweer voor een [&hellip;]<\/p>\n","protected":false},"author":1,"featured_media":8259,"comment_status":"closed","ping_status":"closed","sticky":false,"template":"","format":"standard","meta":{"_acf_changed":false,"inline_featured_image":false,"footnotes":""},"categories":[411],"tags":[],"class_list":["post-8258","post","type-post","status-publish","format-standard","has-post-thumbnail","hentry","category-archief"],"acf":[],"_links":{"self":[{"href":"https:\/\/www.creamoda.be\/nl\/wp-json\/wp\/v2\/posts\/8258","targetHints":{"allow":["GET"]}}],"collection":[{"href":"https:\/\/www.creamoda.be\/nl\/wp-json\/wp\/v2\/posts"}],"about":[{"href":"https:\/\/www.creamoda.be\/nl\/wp-json\/wp\/v2\/types\/post"}],"author":[{"embeddable":true,"href":"https:\/\/www.creamoda.be\/nl\/wp-json\/wp\/v2\/users\/1"}],"replies":[{"embeddable":true,"href":"https:\/\/www.creamoda.be\/nl\/wp-json\/wp\/v2\/comments?post=8258"}],"version-history":[{"count":2,"href":"https:\/\/www.creamoda.be\/nl\/wp-json\/wp\/v2\/posts\/8258\/revisions"}],"predecessor-version":[{"id":8462,"href":"https:\/\/www.creamoda.be\/nl\/wp-json\/wp\/v2\/posts\/8258\/revisions\/8462"}],"wp:featuredmedia":[{"embeddable":true,"href":"https:\/\/www.creamoda.be\/nl\/wp-json\/wp\/v2\/media\/8259"}],"wp:attachment":[{"href":"https:\/\/www.creamoda.be\/nl\/wp-json\/wp\/v2\/media?parent=8258"}],"wp:term":[{"taxonomy":"category","embeddable":true,"href":"https:\/\/www.creamoda.be\/nl\/wp-json\/wp\/v2\/categories?post=8258"},{"taxonomy":"post_tag","embeddable":true,"href":"https:\/\/www.creamoda.be\/nl\/wp-json\/wp\/v2\/tags?post=8258"}],"curies":[{"name":"wp","href":"https:\/\/api.w.org\/{rel}","templated":true}]}}