{"id":29638,"date":"2023-03-27T15:24:01","date_gmt":"2023-03-27T13:24:01","guid":{"rendered":"https:\/\/www.creamoda.be\/?p=29638"},"modified":"2024-08-27T11:08:47","modified_gmt":"2024-08-27T09:08:47","slug":"belgisch-modemerk-marie-mero-lanceert-eigen-podcast-met-annemie-struyf-als-host","status":"publish","type":"post","link":"https:\/\/www.creamoda.be\/nl\/belgisch-modemerk-marie-mero-lanceert-eigen-podcast-met-annemie-struyf-als-host","title":{"rendered":"Belgisch modemerk Marie M\u00e9ro lanceert eigen podcast met Annemie Struyf als host"},"content":{"rendered":"<h3 class=\"Story_title__PE0Fe\" style=\"text-align: center;\"><span style=\"color: #004b8c; font-family: arial, helvetica, sans-serif; font-size: 12pt;\">Belgisch modemerk Marie M\u00e9ro lanceert eigen podcast<\/span><\/h3>\n<h3 class=\"Story_title__PE0Fe\" style=\"text-align: center;\"><span style=\"color: #004b8c; font-family: arial, helvetica, sans-serif; font-size: 12pt;\"> met Annemie Struyf als host<\/span><\/h3>\n<div class=\"SlateRenderer_renderer__Ewhvk\" style=\"text-align: center;\">\n<section class=\"prezly-slate-document\" data-version=\"0.50\">\n<h3 class=\"styles_paragraph__CxmiR\" style=\"text-align: center;\"><span style=\"font-family: arial, helvetica, sans-serif; color: #004b8c; font-size: 12pt;\">en werpt licht op straffe verhalen van sterke vrouwen<\/span><\/h3>\n<blockquote>\n<p style=\"text-align: justify;\"><span style=\"font-family: arial, helvetica, sans-serif;\">&#8220;Wij staan als merk heel dicht bij onze klanten en het zijn zij die de hoofdrol krijgen in deze podcastreeks&#8221;aldus Yentl Desmyter, marketing manager bij Marie M\u00e9ro.<\/span><\/p>\n<\/blockquote>\n<blockquote>\n<p style=\"text-align: justify;\"><span style=\"font-family: arial, helvetica, sans-serif;\">&#8220;Er komen hier zoveel ontzettend toffe en sterke madammen over de vloer. Carolien Rigo van Cent Pur Cent bijvoorbeeld maar ook Prinses Astrid brengt ons graag een bezoekje. Daarnaast staan wij als merk heel dicht bij onze klanten, stuk voor stuk fantastische en fiere vrouwen. En net zij krijgen dit seizoen de hoofdrol in onze podcast. Straffe verhalen van \u00e9chte vrouwen!&#8221; vertelt marketing verantwoordelijke Yentl Desmyter enthousiast.<\/span><\/p>\n<p style=\"text-align: justify;\"><span style=\"font-family: arial, helvetica, sans-serif;\">&#8220;We kregen meer dan 200 inzendingen binnen, we hebben ze \u00e9\u00e9n voor \u00e9\u00e9n gelezen. Met een lach en soms met een traan! Voor dit podcast-seizoen zoomen we in op 5 straffe verhalen van onze consumenten.&#8221;<\/span><\/p>\n<\/blockquote>\n<p class=\"styles_headingTwo__0FMF8\" style=\"text-align: justify;\"><span style=\"font-family: arial, helvetica, sans-serif; font-size: 12pt;\">Toch steekt het Belgische merk haar podcast van wal met een straf verhaal van eigen bodem:<\/span><\/p>\n<p class=\"styles_paragraph__CxmiR\" style=\"text-align: justify;\"><span style=\"font-family: arial, helvetica, sans-serif; font-size: 12pt;\">Hoewel Paula, samen met mede-oprichter Jean Van der Elst, de fakkel in 2012 doorgaf aan haar twee zonen Ruben en Steven, komt ze nog wekelijks over de vloer in het hoofdkantoor te Aalter. \u00c9\u00e9n van de dingen waar je Paula steeds warm voor krijgt? Babbelen over vroeger, de mooie\u00a0<em>rencontres<\/em>\u00a0en de prachtige mensen achter de vele ontmoetingen.\u00a0<\/span><\/p>\n<blockquote>\n<p class=\"styles_paragraph__CxmiR\" style=\"text-align: justify;\"><span style=\"font-family: arial, helvetica, sans-serif; font-size: 12pt;\"><em>&#8220;Er zijn zo een aantal verhalen die je nooit vergeet. Verhalen die je zelf hebt meegemaakt of anekdotes van mensen rondom je.&#8221;<\/em>\u00a0\u200b zegt Paula Taghon.<\/span><\/p>\n<\/blockquote>\n<p class=\"styles_paragraph__CxmiR\" style=\"text-align: justify;\"><span style=\"font-family: arial, helvetica, sans-serif; font-size: 12pt;\">De eerste aflevering van de podcastreeks &#8216;<strong>Marie M\u00e9ro, voor sterke vrouwen<\/strong>&#8216; vertelt het onwaarschijnlijke verhaal waarin Paula, samen met haar boezemvriendin Monique, de hoofdrol speelde toen ze in 2001 werden ontvoerd in Mali.\u00a0De moderator van de podcast is niemand minder dan Annemie Struyf, een graag geziene gast bij Marie M\u00e9ro.<\/span><\/p>\n<p><span style=\"font-family: arial, helvetica, sans-serif; font-size: 12pt;\"><img loading=\"lazy\" decoding=\"async\" class=\"size-medium wp-image-29640 aligncenter\" src=\"https:\/\/www.creamoda.be\/wp-content\/uploads\/2023\/03\/Marie-Mero-lanceert-eigen-podcast-200x300.jpg\" alt=\"\" width=\"200\" height=\"300\" srcset=\"https:\/\/www.creamoda.be\/wp-content\/uploads\/2023\/03\/Marie-Mero-lanceert-eigen-podcast-200x300.jpg 200w, https:\/\/www.creamoda.be\/wp-content\/uploads\/2023\/03\/Marie-Mero-lanceert-eigen-podcast-682x1024.jpg 682w, https:\/\/www.creamoda.be\/wp-content\/uploads\/2023\/03\/Marie-Mero-lanceert-eigen-podcast-768x1152.jpg 768w, https:\/\/www.creamoda.be\/wp-content\/uploads\/2023\/03\/Marie-Mero-lanceert-eigen-podcast-1024x1536.jpg 1024w, https:\/\/www.creamoda.be\/wp-content\/uploads\/2023\/03\/Marie-Mero-lanceert-eigen-podcast-1320x1980.jpg 1320w, https:\/\/www.creamoda.be\/wp-content\/uploads\/2023\/03\/Marie-Mero-lanceert-eigen-podcast.jpg 1333w\" sizes=\"auto, (max-width: 200px) 100vw, 200px\" \/><\/span><\/p>\n<figure class=\"prezly-slate-image prezly-slate-image--contained\"><figcaption class=\"prezly-slate-image__caption\"><span style=\"font-family: arial, helvetica, sans-serif; font-size: 12pt;\">links Annemie Struyf, rechts Paula Taghon<\/span><\/figcaption><\/figure>\n<blockquote>\n<p style=\"text-align: justify;\"><span style=\"font-family: arial, helvetica, sans-serif;\">&#8220;Ik ontmoette Paula lange tijd geleden dankzij een gemeenschappelijke vriendin, Monique. Toen ik het relaas hoorde over hun vreselijke ervaring in Mali ben ik met beide dames terug naar de plaats delict gereisd. Het is een verhaal waarvan je haar recht komt te staan maar ook eentje dat leidde tot een prachtige ontmoeting met Paula, een sterke vrouw waar ik nog steeds naar opkijk.&#8221;\u00a0zegt Annemie Struyf.<\/span><\/p>\n<\/blockquote>\n<p class=\"styles_headingTwo__0FMF8\" style=\"text-align: justify;\"><span style=\"font-family: arial, helvetica, sans-serif; font-size: 12pt;\">De Marie M\u00e9ro-podcast is vanaf deze week beschikbaar via Apple Podcast. Het eerste seizoen PODCbestaat uit 7 inspirerende afleveringen. De eerste aflevering kan je in avant premi\u00e8re beluisteren via\u00a0<a class=\"styles_link__UQc5p\" href=\"https:\/\/mariemero.podbean.com\/\" target=\"_blank\" rel=\"noopener noreferrer\">deze link<\/a>.<\/span><\/p>\n<ul style=\"text-align: justify;\">\n<li><span style=\"font-family: arial, helvetica, sans-serif; font-size: 12pt;\">Voor vragen of meer informatie over het persbericht, contacteer:<\/span><\/li>\n<\/ul>\n<p style=\"text-align: justify;\"><span style=\"font-family: arial, helvetica, sans-serif; font-size: 12pt;\">&gt;Wendy Luyckx, <span style=\"color: #0000ff;\"><a style=\"color: #0000ff;\" href=\"mailto:luyckx@creamoda.be\">luyckx@creamoda.be<\/a><\/span><\/span><\/p>\n<p style=\"text-align: justify;\"><span style=\"font-family: arial, helvetica, sans-serif; font-size: 12pt;\">&gt;Laura Buydaert, <span style=\"color: #0000ff;\"><a style=\"color: #0000ff;\" href=\"mailto:buydaert@creamoda.be\">buydaert@creamoda.be<\/a><\/span><\/span><\/p>\n<\/section>\n<\/div>\n","protected":false},"excerpt":{"rendered":"<p>Belgisch modemerk Marie M\u00e9ro lanceert eigen podcast met Annemie Struyf als host en werpt licht op straffe verhalen van sterke vrouwen &#8220;Wij staan als merk heel dicht bij onze klanten en het zijn zij die de hoofdrol krijgen in deze podcastreeks&#8221;aldus Yentl Desmyter, marketing manager bij Marie M\u00e9ro. &#8220;Er komen hier zoveel ontzettend toffe en [&hellip;]<\/p>\n","protected":false},"author":68,"featured_media":30883,"comment_status":"closed","ping_status":"closed","sticky":false,"template":"","format":"standard","meta":{"_acf_changed":false,"inline_featured_image":false,"footnotes":""},"categories":[411],"tags":[],"class_list":["post-29638","post","type-post","status-publish","format-standard","has-post-thumbnail","hentry","category-archief"],"acf":[],"_links":{"self":[{"href":"https:\/\/www.creamoda.be\/nl\/wp-json\/wp\/v2\/posts\/29638","targetHints":{"allow":["GET"]}}],"collection":[{"href":"https:\/\/www.creamoda.be\/nl\/wp-json\/wp\/v2\/posts"}],"about":[{"href":"https:\/\/www.creamoda.be\/nl\/wp-json\/wp\/v2\/types\/post"}],"author":[{"embeddable":true,"href":"https:\/\/www.creamoda.be\/nl\/wp-json\/wp\/v2\/users\/68"}],"replies":[{"embeddable":true,"href":"https:\/\/www.creamoda.be\/nl\/wp-json\/wp\/v2\/comments?post=29638"}],"version-history":[{"count":16,"href":"https:\/\/www.creamoda.be\/nl\/wp-json\/wp\/v2\/posts\/29638\/revisions"}],"predecessor-version":[{"id":35669,"href":"https:\/\/www.creamoda.be\/nl\/wp-json\/wp\/v2\/posts\/29638\/revisions\/35669"}],"wp:featuredmedia":[{"embeddable":true,"href":"https:\/\/www.creamoda.be\/nl\/wp-json\/wp\/v2\/media\/30883"}],"wp:attachment":[{"href":"https:\/\/www.creamoda.be\/nl\/wp-json\/wp\/v2\/media?parent=29638"}],"wp:term":[{"taxonomy":"category","embeddable":true,"href":"https:\/\/www.creamoda.be\/nl\/wp-json\/wp\/v2\/categories?post=29638"},{"taxonomy":"post_tag","embeddable":true,"href":"https:\/\/www.creamoda.be\/nl\/wp-json\/wp\/v2\/tags?post=29638"}],"curies":[{"name":"wp","href":"https:\/\/api.w.org\/{rel}","templated":true}]}}