{"id":95250,"date":"2024-10-11T10:53:27","date_gmt":"2024-10-11T08:53:27","guid":{"rendered":"https:\/\/www.creamoda.be\/consument-loopt-warm-voor-belgische-mode"},"modified":"2024-10-11T11:24:14","modified_gmt":"2024-10-11T09:24:14","slug":"les-consommateurs-sinteressent-de-plus-en-plus-a-la-mode-belge","status":"publish","type":"post","link":"https:\/\/www.creamoda.be\/fr\/les-consommateurs-sinteressent-de-plus-en-plus-a-la-mode-belge","title":{"rendered":"Les consommateurs s&#8217;int\u00e9ressent de plus en plus \u00e0 la mode belge !"},"content":{"rendered":"<h2 style=\"text-align: center;\"><span style=\"font-family: arial, helvetica, sans-serif; color: #004b8c;\"><strong>Les consommateurs s&#8217;int\u00e9ressent de plus en plus<br \/>\n\u00e0 la mode belge !\u00a0<\/strong><\/span><\/h2>\n<p style=\"text-align: justify;\"><span style=\"font-family: arial, helvetica, sans-serif;\"><strong>Zellik, le jeudi 10 octobre \u2013 La sixi\u00e8me \u00e9dition de la Semaine de la Mode belge (SDLMB), une initiative des f\u00e9d\u00e9rations sectorielles Creamoda et Mode Unie aura lieu du samedi 12 au samedi 19 octobre. Avec plus de 1 000 boutiques participantes et 100 marques de mode belges, cette \u00e9dition promet une fois de plus d&#8217;enthousiasmer de nombreux consommateurs. L&#8217;objectif de cette semaine d&#8217;action est de mettre en lumi\u00e8re et de faire conna\u00eetre les marques de mode belges et les commer\u00e7ants locaux qui les commercialisent.<\/strong><\/span><\/p>\n<p style=\"text-align: justify;\"><span style=\"font-family: arial, helvetica, sans-serif; color: #004b8c;\"><strong><em>Wendy Luyckx de Creamoda explique:<\/em><\/strong><em>\u00a0<\/em><\/span><\/p>\n<blockquote>\n<p style=\"text-align: justify;\"><strong><em><span style=\"font-family: arial, helvetica, sans-serif;\">\u00abNous sentons aujourd&#8217;hui que de plus en plus de consommateurs, femmes, hommes et enfants, choisissent la mode belge. C&#8217;est une grande \u00e9volution pour le secteur, car notre pays poss\u00e8de une riche histoire de la mode et un large \u00e9ventail de marques de mode dont nous pouvons \u00eatre encore plus fiers. En achetant belge, les consommateurs soutiennent l&#8217;\u00e9conomie locale et choisissent consciemment des v\u00eatements de qualit\u00e9 qui durent. Un entretien ad\u00e9quat y contribue, et c&#8217;est ce sur quoi nous voulons informer les consommateurs au cours de cette campagne\u00bb.<\/span><br \/>\n<\/em><\/strong><\/p>\n<\/blockquote>\n<p>&nbsp;<\/p>\n<blockquote>\n<p style=\"text-align: justify;\"><span style=\"font-family: arial, helvetica, sans-serif;\"><em><strong>\u00abLa mode belge a beaucoup \u00e0 offrir dans tous les segments de prix et pour tous les types de consommateurs ! Nous constatons que les consommateurs pr\u00e9f\u00e8rent d\u00e9penser leur budget vestimentaire de mani\u00e8re qualitative et durable, s&#8217;\u00e9loignant ainsi de plus en plus de la fast fashion. Les marques de mode belges achet\u00e9es aupr\u00e8s de commer\u00e7ants locaux ont clairement une longueur d&#8217;avance sur cette tendance. La mode belge reste donc l&#8217;argument de vente num\u00e9ro un des d\u00e9taillants de mode\u00bb,\u00a0<\/strong><\/em><\/span><\/p>\n<\/blockquote>\n<p style=\"text-align: justify;\"><span style=\"color: #004b8c;\"><strong style=\"font-family: arial, helvetica, sans-serif;\"><em>d\u00e9clare Isolde Delanghe de Mode Unie.<\/em><\/strong><\/span><\/p>\n<p style=\"text-align: justify;\"><span style=\"font-size: 14pt;\"><span style=\"font-family: arial, helvetica, sans-serif; color: #b22222;\"><strong>Hasselt, ville d&#8217;accueil<\/strong><\/span><\/span><\/p>\n<p style=\"text-align: justify;\"><span style=\"font-family: arial, helvetica, sans-serif;\">Cette ann\u00e9e, Hasselt en tant que ville d&#8217;accueil de la Semaine y met s\u00e9rieusement du sien. R\u00e9put\u00e9e pour \u00eatre une ville de mode dynamique, Hasselt propose un programme vari\u00e9 et inspirant pour les amateurs de mode.<\/span><\/p>\n<p><span style=\"font-family: arial, helvetica, sans-serif;\">La capitale limbourgeoise proposera aux visiteurs une s\u00e9rie d&#8217;\u00e9v\u00e9nements pendant la SDLMB, notamment une f\u00eate d&#8217;ouverture, un pop-up des Six du Limbourg (un collectif de jeunes cr\u00e9ateurs de mode), une nocturne avec ouverture tardive du mus\u00e9e de la mode et plusieurs conf\u00e9rences sur la mode avec des entrepreneurs \u00e9tablis. Les boutiques participantes \u00e0 Hasselt sont reconnaissables aux autocollants SDLMB appos\u00e9s sur leurs vitrines.<\/span><\/p>\n<p><span style=\"font-family: arial, helvetica, sans-serif; font-size: 14pt; color: #b22222;\"><strong>Les six du Limbourg en tant qu&#8217;ambassadeurs <\/strong><\/span><\/p>\n<p style=\"text-align: justify;\"><span style=\"font-family: arial, helvetica, sans-serif;\">Les six du Limbourg, Jordy Arthur, Matteo La Rosa, Marie Van Puyenbroeck, Maryl\u00e8ne Madou, Sander Bos et Tessa Borrenberghs sont cette ann\u00e9e les ambassadeurs de la semaine de la Mode belge. Ces jeunes cr\u00e9ateurs innovants symbolisent l&#8217;avenir de la mode belge et sont les ambassadeurs de cette \u00e9dition. Ensemble, mais aussi \u00e0 Hasselt, ils feront avec enthousiasme la promotion la plus large possible de la SDLMB.<\/span><\/p>\n<p><span style=\"font-family: arial, helvetica, sans-serif;\">Les Six du Limbourg ont tous une perspective unique sur la circularit\u00e9 et veulent utiliser leurs voix pour souligner l&#8217;importance de la durabilit\u00e9 et de la collaboration. En combinant leurs perspectives personnelles, ils renforcent ce message. Leur approche innovante et leur grande port\u00e9e offrent donc une plateforme pour une exposition maximale de la cr\u00e9ativit\u00e9 et de l&#8217;artisanat locaux.<\/span><\/p>\n<hr \/>\n<p style=\"text-align: justify;\"><span style=\"font-family: arial, helvetica, sans-serif;\">Les consommateurs peuvent trouver toutes les informations relatives \u00e0 cette initiative sur le\u00a0sites web <span style=\"color: #0000ff;\"><a style=\"color: #0000ff;\" href=\"http:\/\/www.sdlmb,be\">www.sdlmb,be<\/a><\/span>. Les magasins et les marques participants sont reconnaissables \u00e0 l&#8217;autocollant appos\u00e9 sur leur vitrine et peuvent \u00eatre trouv\u00e9s gr\u00e2ce au store locator.<\/span><\/p>\n<p><span style=\"font-family: arial, helvetica, sans-serif;\">Pour plus d&#8217;informations sur toutes les actions men\u00e9es \u00e0 Hasselt, consultez le site : <span style=\"color: #0000ff;\"><a style=\"color: #0000ff;\" href=\"https:\/\/eur02.safelinks.protection.outlook.com\/?url=https%3A%2F%2Fcreamoda.us15.list-manage.com%2Ftrack%2Fclick%3Fu%3De0bb70756423d61f598701f09%26id%3D67c772c916%26e%3Dcb9310e198&amp;data=05%7C02%7Cgarot%40creamoda.be%7C6827c34bbfee429550e808dce8f4287e%7C2493ac83a23747f6806e4ca64815fed6%7C0%7C0%7C638641382570656243%7CUnknown%7CTWFpbGZsb3d8eyJWIjoiMC4wLjAwMDAiLCJQIjoiV2luMzIiLCJBTiI6Ik1haWwiLCJXVCI6Mn0%3D%7C0%7C%7C%7C&amp;sdata=0VxRPxoQdOdNnfdeK5i8hafWZ6ZcVk2HScKiroVVGAI%3D&amp;reserved=0\">www.visithasselt.be\/nl\/week-van-de-belgische-mode<\/a><\/span><\/span><\/p>\n<p>Pour plus d&#8217;informations sur l&#8217;entretien durable des v\u00eatements, consultez le site : <a href=\"https:\/\/eur02.safelinks.protection.outlook.com\/?url=https%3A%2F%2Fcreamoda.us15.list-manage.com%2Ftrack%2Fclick%3Fu%3De0bb70756423d61f598701f09%26id%3D075e892286%26e%3Dcb9310e198&amp;data=05%7C02%7Cgarot%40creamoda.be%7C6827c34bbfee429550e808dce8f4287e%7C2493ac83a23747f6806e4ca64815fed6%7C0%7C0%7C638641382570688088%7CUnknown%7CTWFpbGZsb3d8eyJWIjoiMC4wLjAwMDAiLCJQIjoiV2luMzIiLCJBTiI6Ik1haWwiLCJXVCI6Mn0%3D%7C0%7C%7C%7C&amp;sdata=iyMIxilYMrepTNu3%2BZ1EdnXtiKXmXQ0k%2FeLK3wXo3Xs%3D&amp;reserved=0\">\u00a0<span style=\"color: #0000ff;\">https:\/\/sdlmb.be\/entretien-des-vetements\/<\/span><\/a><\/p>\n<hr \/>\n<p><strong><span style=\"font-family: arial, helvetica, sans-serif;\"><em>Pas pour publication<\/em><\/span><\/strong><\/p>\n<p style=\"text-align: justify;\"><span style=\"font-family: arial, helvetica, sans-serif; color: #000000;\"><em><strong>Contact presse :&lt;<\/strong><\/em><\/span><\/p>\n<p style=\"text-align: justify;\"><span style=\"font-family: arial, helvetica, sans-serif;\"><span style=\"color: #000000;\"><em>&gt;&gt;Wendy Luyckx \u2013 responsable communication <strong>Creamoda<\/strong>:<\/em><em><br \/>\n0476\/99 90 57 \u2013 <\/em><\/span><span style=\"color: #0000ff;\"><a style=\"color: #0000ff;\" href=\"mailto:luyckx@creamoda.be\"><em>luyckx@creamoda.be<\/em><\/a><\/span><\/span><\/p>\n<p style=\"text-align: justify;\"><span style=\"font-family: arial, helvetica, sans-serif;\"><span style=\"color: #000000;\"><em>&gt;&gt;Isolde Delanghe \u2013 directrice <strong>Mode Unie<\/strong>:<\/em><em><br \/>\n0473\/89 45 18 \u2013<\/em><\/span> <span style=\"color: #0000ff;\"><em><a style=\"color: #0000ff;\" href=\"mailto:isolde.delanghe@modeunie.be\">isolde.delanghe@modeunie.be<\/a><\/em><\/span><\/span><\/p>\n<p><span style=\"font-family: arial, helvetica, sans-serif;\"><em>T\u00e9l\u00e9chargez tous les visuels\u00a0<span style=\"color: #0000ff;\"><a style=\"color: #0000ff;\" href=\"https:\/\/eur02.safelinks.protection.outlook.com\/?url=https%3A%2F%2Fcreamoda.us15.list-manage.com%2Ftrack%2Fclick%3Fu%3De0bb70756423d61f598701f09%26id%3D5170c189c9%26e%3Dcb9310e198&amp;data=05%7C02%7Cgarot%40creamoda.be%7C6827c34bbfee429550e808dce8f4287e%7C2493ac83a23747f6806e4ca64815fed6%7C0%7C0%7C638641382570707760%7CUnknown%7CTWFpbGZsb3d8eyJWIjoiMC4wLjAwMDAiLCJQIjoiV2luMzIiLCJBTiI6Ik1haWwiLCJXVCI6Mn0%3D%7C0%7C%7C%7C&amp;sdata=1949N2z3Adx7yuB0JD3U%2BWzxXY2MaoKrWjLFBdldUzE%3D&amp;reserved=0\">ici.<\/a><\/span><\/em><\/span><\/p>\n","protected":false},"excerpt":{"rendered":"<p>Les consommateurs s&#8217;int\u00e9ressent de plus en plus \u00e0 la mode belge !\u00a0 Zellik, le jeudi 10 octobre \u2013 La sixi\u00e8me \u00e9dition de la Semaine de la Mode belge (SDLMB), une initiative des f\u00e9d\u00e9rations sectorielles Creamoda et Mode Unie aura lieu du samedi 12 au samedi 19 octobre. Avec plus de 1 000 boutiques participantes et [&hellip;]<\/p>\n","protected":false},"author":68,"featured_media":95255,"comment_status":"closed","ping_status":"closed","sticky":false,"template":"","format":"standard","meta":{"_acf_changed":false,"inline_featured_image":false,"footnotes":""},"categories":[172,187],"tags":[],"class_list":["post-95250","post","type-post","status-publish","format-standard","has-post-thumbnail","hentry","category-toutes-les-nouvelles","category-communiques-de-presse"],"acf":[],"_links":{"self":[{"href":"https:\/\/www.creamoda.be\/fr\/wp-json\/wp\/v2\/posts\/95250","targetHints":{"allow":["GET"]}}],"collection":[{"href":"https:\/\/www.creamoda.be\/fr\/wp-json\/wp\/v2\/posts"}],"about":[{"href":"https:\/\/www.creamoda.be\/fr\/wp-json\/wp\/v2\/types\/post"}],"author":[{"embeddable":true,"href":"https:\/\/www.creamoda.be\/fr\/wp-json\/wp\/v2\/users\/68"}],"replies":[{"embeddable":true,"href":"https:\/\/www.creamoda.be\/fr\/wp-json\/wp\/v2\/comments?post=95250"}],"version-history":[{"count":4,"href":"https:\/\/www.creamoda.be\/fr\/wp-json\/wp\/v2\/posts\/95250\/revisions"}],"predecessor-version":[{"id":95258,"href":"https:\/\/www.creamoda.be\/fr\/wp-json\/wp\/v2\/posts\/95250\/revisions\/95258"}],"wp:featuredmedia":[{"embeddable":true,"href":"https:\/\/www.creamoda.be\/fr\/wp-json\/wp\/v2\/media\/95255"}],"wp:attachment":[{"href":"https:\/\/www.creamoda.be\/fr\/wp-json\/wp\/v2\/media?parent=95250"}],"wp:term":[{"taxonomy":"category","embeddable":true,"href":"https:\/\/www.creamoda.be\/fr\/wp-json\/wp\/v2\/categories?post=95250"},{"taxonomy":"post_tag","embeddable":true,"href":"https:\/\/www.creamoda.be\/fr\/wp-json\/wp\/v2\/tags?post=95250"}],"curies":[{"name":"wp","href":"https:\/\/api.w.org\/{rel}","templated":true}]}}