{"id":34093,"date":"2023-04-27T10:45:15","date_gmt":"2023-04-27T08:45:15","guid":{"rendered":"https:\/\/www.creamoda.be\/?p=34093"},"modified":"2023-10-16T13:05:41","modified_gmt":"2023-10-16T11:05:41","slug":"circletex-info-moment-recap","status":"publish","type":"post","link":"https:\/\/www.creamoda.be\/fr\/circletex-info-moment-recap","title":{"rendered":"Circletex Info Moment Recap"},"content":{"rendered":"<h3 style=\"text-align: center;\"><span style=\"font-family: arial, helvetica, sans-serif; font-size: 14pt;\">Circletex Info Moment Recap<\/span><\/h3>\n<p>26\/04\/2023<\/p>\n<p><span style=\"font-family: arial, helvetica, sans-serif;\"><strong>Vous vous souciez de votre avenir et de celui de vos produits textiles?<br \/>\n<\/strong><\/span><span style=\"font-family: arial, helvetica, sans-serif;\"><strong>Circletex a organis\u00e9 son premier Circletex Info Moment les 24 et 25 avril. Circletex est l\u00e0 pour le secteur, par le secteur, pour valoriser les flux textiles et les EPI. Lors du moment d&#8217;information du 24 avril, les partenaires\/parties prenantes d\u00e9j\u00e0 affili\u00e9s ont \u00e9t\u00e9 inform\u00e9s, tandis que le 25 avril, toute personne int\u00e9ress\u00e9e par la circularit\u00e9 pouvait participer.<\/strong><\/span><\/p>\n<p><span style=\"font-family: arial, helvetica, sans-serif;\">En tant que partenaire et cofondateur, Creamoda et Gwin Steenhoudt (<a href=\"https:\/\/www.febelsafe.be\/fr\/\"><span style=\"text-decoration: underline;\"><span style=\"color: #0000ff; text-decoration: underline;\">Febelsafe<\/span><\/span><\/a>) ont donn\u00e9 une pr\u00e9sentation compl\u00e8te de l&#8217;asbl et ont \u00e0 nouveau soulign\u00e9 l&#8217;utilit\u00e9 et la valeur ajout\u00e9e de Circletex. Circletex n\u00e9gocie notamment dans le cadre de la circularit\u00e9 des textiles avec, entre autres, les gouvernements pour des objectifs circulaires pragmatiques et est un organisme de gestion pour la valorisation des textiles collect\u00e9s.<\/span><\/p>\n<p><span style=\"font-family: arial, helvetica, sans-serif;\">Chaque jour, de nombreuses questions sont adress\u00e9es aux f\u00e9d\u00e9rations et \u00e0 Circletex:<\/span><\/p>\n<ul>\n<li><span style=\"font-family: arial, helvetica, sans-serif;\">Comment faire face \u00e0 la l\u00e9gislation belge et europ\u00e9enne \u00e9mergente sur les obligations de reprise?<\/span><\/li>\n<li><span style=\"font-family: arial, helvetica, sans-serif;\">Quelles sont les organisations qui devront se conformer \u00e0 la l\u00e9gislation REP?<\/span><\/li>\n<li><span style=\"font-family: arial, helvetica, sans-serif;\">Comment Circletex aborde-t-elle actuellement cette question?<\/span><\/li>\n<li><span style=\"font-family: arial, helvetica, sans-serif;\">Que se passe-t-il d\u00e9j\u00e0 en coulisses?<\/span><\/li>\n<li><span style=\"font-family: arial, helvetica, sans-serif;\">Quels sont les flux de textiles, qu&#8217;en est-il des textiles de consommation et des textiles professionnels?<\/span><\/li>\n<li><span style=\"font-family: arial, helvetica, sans-serif;\">Pourquoi les Equipements de Protection Individuelle?<\/span><\/li>\n<li><span style=\"font-family: arial, helvetica, sans-serif;\">Cela s&#8217;applique-t-il \u00e9galement aux entreprises situ\u00e9es en dehors de la Belgique?<\/span><\/li>\n<li><span style=\"font-family: arial, helvetica, sans-serif;\">Uniquement les fabricants ou \u00e9galement les distributeurs, les importateurs, les d\u00e9taillants, les marques?<\/span><\/li>\n<li><span style=\"font-family: arial, helvetica, sans-serif;\">Qu&#8217;en est-il des cr\u00e9ateurs de v\u00eatements?<\/span><\/li>\n<li><span style=\"font-family: arial, helvetica, sans-serif;\">Que faire en tant que blanchisseur qui loue des textiles?<\/span><\/li>\n<li><span style=\"font-family: arial, helvetica, sans-serif;\">Que se passe-t-il si je collecte des v\u00eatements ou d&#8217;autres textiles, m\u00eame aupr\u00e8s d&#8217;un concurrent?<\/span><\/li>\n<li><span style=\"font-family: arial, helvetica, sans-serif;\">Que faire des exc\u00e9dents textiles?<\/span><\/li>\n<li><span style=\"font-family: arial, helvetica, sans-serif;\">&#8230;<\/span><\/li>\n<\/ul>\n<p><span style=\"font-family: arial, helvetica, sans-serif;\">Ces questions ont trouv\u00e9 une r\u00e9ponse au moment de l&#8217;info.<\/span><\/p>\n<p><span style=\"font-family: arial, helvetica, sans-serif;\">En outre, un examen plus approfondi a \u00e9t\u00e9 effectu\u00e9 sur la mani\u00e8re dont Circletex constitue une r\u00e9ponse \u00e0 l&#8217;obligation de reprise qui se profile \u00e0 l&#8217;horizon 2025. Vous pouvez \u00e9galement consulter notre article \u00e0 ce sujet: <a href=\"https:\/\/www.creamoda.be\/fr\/toutes-les-nouvelles\/la-rep-est-devenu-a-la-mode\/\"><span style=\"text-decoration: underline; color: #0000ff;\">La REP est devenue \u00e0 la mode<\/span><\/a>.<\/span><\/p>\n<h4><span style=\"font-family: arial, helvetica, sans-serif; color: #993300;\"><strong>Les parties prenantes<\/strong><\/span><\/h4>\n<p><span style=\"font-family: arial, helvetica, sans-serif;\">Les acteurs de toute la cha\u00eene peuvent s\u2019affilier \u00e0 Circletex. Les parties prenantes du CORE se composent de 3 groupes majeurs:<\/span><\/p>\n<ol>\n<li><span style=\"font-family: arial, helvetica, sans-serif;\">Les operators<br \/>\nCeci inclut les collecteurs, les trieurs et les recycleurs.<\/span><\/li>\n<\/ol>\n<ol start=\"2\">\n<li><span style=\"font-family: arial, helvetica, sans-serif;\">Les Laundries<br \/>\nBlanchisseries.<\/span><\/li>\n<\/ol>\n<ol start=\"3\">\n<li><span style=\"font-family: arial, helvetica, sans-serif;\">Les Contributors<br \/>\nIl s&#8217;agit des producteurs, des distributeurs et des importateurs.<\/span><\/li>\n<\/ol>\n<p><span style=\"font-family: arial, helvetica, sans-serif;\"><a href=\"https:\/\/circletex.be\/fr\/a-propos-de-circletex\/votre-organisation-est-elle-deja-membre\"><span style=\"text-decoration: underline; color: #0000ff;\">Ici<\/span><\/a>, vous trouverez toutes les parties prenantes d\u00e9j\u00e0 affili\u00e9es. Vous pouvez les reconna\u00eetre gr\u00e2ce aux logos qu&#8217;elles utilisent par exemple sur leur site web:<\/span><\/p>\n<p><span style=\"font-family: arial, helvetica, sans-serif;\"><img loading=\"lazy\" decoding=\"async\" class=\"alignnone wp-image-33970\" src=\"https:\/\/www.creamoda.be\/wp-content\/uploads\/2023\/04\/ContributorMiddel-11-282x300.png\" alt=\"\" width=\"141\" height=\"150\" srcset=\"https:\/\/www.creamoda.be\/wp-content\/uploads\/2023\/04\/ContributorMiddel-11-282x300.png 282w, https:\/\/www.creamoda.be\/wp-content\/uploads\/2023\/04\/ContributorMiddel-11.png 702w\" sizes=\"auto, (max-width: 141px) 100vw, 141px\" \/> <img loading=\"lazy\" decoding=\"async\" class=\"alignnone wp-image-33972\" src=\"https:\/\/www.creamoda.be\/wp-content\/uploads\/2023\/04\/LaundryMiddel-9-277x300.png\" alt=\"\" width=\"139\" height=\"150\" srcset=\"https:\/\/www.creamoda.be\/wp-content\/uploads\/2023\/04\/LaundryMiddel-9-277x300.png 277w, https:\/\/www.creamoda.be\/wp-content\/uploads\/2023\/04\/LaundryMiddel-9.png 681w\" sizes=\"auto, (max-width: 139px) 100vw, 139px\" \/> <img loading=\"lazy\" decoding=\"async\" class=\"alignnone wp-image-33974\" src=\"https:\/\/www.creamoda.be\/wp-content\/uploads\/2023\/04\/OperatorMiddel-10-279x300.png\" alt=\"\" width=\"139\" height=\"150\" srcset=\"https:\/\/www.creamoda.be\/wp-content\/uploads\/2023\/04\/OperatorMiddel-10-279x300.png 279w, https:\/\/www.creamoda.be\/wp-content\/uploads\/2023\/04\/OperatorMiddel-10.png 688w\" sizes=\"auto, (max-width: 139px) 100vw, 139px\" \/><\/span><\/p>\n<p>&nbsp;<\/p>\n<p><span style=\"font-family: arial, helvetica, sans-serif;\">Vous avez manqu\u00e9 le moment d&#8217;information? T\u00e9l\u00e9chargez la pr\u00e9sentation <a href=\"https:\/\/www.creamoda.be\/wp-content\/uploads\/2023\/04\/Info-Moment-Circletex.pdf\"><span style=\"text-decoration: underline; color: #0000ff;\">ici<\/span><\/a>.<\/span><\/p>\n<p><span style=\"font-family: arial, helvetica, sans-serif;\">N&#8217;h\u00e9sitez pas non plus \u00e0 consulter le <span style=\"text-decoration: underline; color: #0000ff;\"><a style=\"color: #0000ff; text-decoration: underline;\" href=\"https:\/\/circletex.be\/fr\">site web de Circletex<\/a><\/span>.<\/span><\/p>\n<p><span style=\"font-family: arial, helvetica, sans-serif;\">Vous avez encore des questions ? N&#8217;h\u00e9sitez pas \u00e0 les poser \u00e0 <span style=\"text-decoration: underline; color: #0000ff;\"><a style=\"color: #0000ff; text-decoration: underline;\" href=\"mailto:info@circletex.be\">info@circletex.be<\/a><\/span>.<\/span><\/p>\n<p>&nbsp;<\/p>\n<p>&nbsp;<\/p>\n","protected":false},"excerpt":{"rendered":"<p>Circletex Info Moment Recap 26\/04\/2023 Vous vous souciez de votre avenir et de celui de vos produits textiles? Circletex a organis\u00e9 son premier Circletex Info Moment les 24 et 25 avril. Circletex est l\u00e0 pour le secteur, par le secteur, pour valoriser les flux textiles et les EPI. Lors du moment d&#8217;information du 24 avril, [&hellip;]<\/p>\n","protected":false},"author":328,"featured_media":34098,"comment_status":"closed","ping_status":"closed","sticky":false,"template":"","format":"standard","meta":{"_acf_changed":false,"inline_featured_image":false,"footnotes":""},"categories":[413],"tags":[],"class_list":["post-34093","post","type-post","status-publish","format-standard","has-post-thumbnail","hentry","category-archief-fr"],"acf":[],"_links":{"self":[{"href":"https:\/\/www.creamoda.be\/fr\/wp-json\/wp\/v2\/posts\/34093","targetHints":{"allow":["GET"]}}],"collection":[{"href":"https:\/\/www.creamoda.be\/fr\/wp-json\/wp\/v2\/posts"}],"about":[{"href":"https:\/\/www.creamoda.be\/fr\/wp-json\/wp\/v2\/types\/post"}],"author":[{"embeddable":true,"href":"https:\/\/www.creamoda.be\/fr\/wp-json\/wp\/v2\/users\/328"}],"replies":[{"embeddable":true,"href":"https:\/\/www.creamoda.be\/fr\/wp-json\/wp\/v2\/comments?post=34093"}],"version-history":[{"count":3,"href":"https:\/\/www.creamoda.be\/fr\/wp-json\/wp\/v2\/posts\/34093\/revisions"}],"predecessor-version":[{"id":50535,"href":"https:\/\/www.creamoda.be\/fr\/wp-json\/wp\/v2\/posts\/34093\/revisions\/50535"}],"wp:featuredmedia":[{"embeddable":true,"href":"https:\/\/www.creamoda.be\/fr\/wp-json\/wp\/v2\/media\/34098"}],"wp:attachment":[{"href":"https:\/\/www.creamoda.be\/fr\/wp-json\/wp\/v2\/media?parent=34093"}],"wp:term":[{"taxonomy":"category","embeddable":true,"href":"https:\/\/www.creamoda.be\/fr\/wp-json\/wp\/v2\/categories?post=34093"},{"taxonomy":"post_tag","embeddable":true,"href":"https:\/\/www.creamoda.be\/fr\/wp-json\/wp\/v2\/tags?post=34093"}],"curies":[{"name":"wp","href":"https:\/\/api.w.org\/{rel}","templated":true}]}}