{"id":26146,"date":"2023-03-02T12:22:06","date_gmt":"2023-03-02T10:22:06","guid":{"rendered":"https:\/\/www.creamoda.be\/?p=26146"},"modified":"2023-03-02T12:22:06","modified_gmt":"2023-03-02T10:22:06","slug":"webinaire-marketing-inclusif-dans-la-mode-why-should-you","status":"publish","type":"post","link":"https:\/\/www.creamoda.be\/fr\/webinaire-marketing-inclusif-dans-la-mode-why-should-you","title":{"rendered":"WEBINAIRE &#8216;Marketing inclusif dans la mode: Why should you?"},"content":{"rendered":"<h3 style=\"text-align: center;\"><span style=\"font-family: arial, helvetica, sans-serif; color: #004b8c;\"><strong>WEBINAIRE &#8216;<\/strong>Marketing inclusif dans la mode: Why should you?<\/span><\/h3>\n<p style=\"text-align: justify;\"><span style=\"font-family: arial, helvetica, sans-serif;\">Le 16 f\u00e9vrier, nous avons organis\u00e9 le webinaire :<strong><span style=\"color: #004b8c;\"> Le marketing inclusif dans la mode : Why should you ?<\/span><\/strong>, en collaboration avec <span style=\"color: #004b8c;\"><strong>Hamza Ouamari<\/strong><\/span>, sp\u00e9cialiste du marketing inclusif, et <strong><span style=\"color: #004b8c;\">Farah El Bastani<\/span><\/strong>, styliste de mode et entrepreneur cr\u00e9atif. Nous nous sommes pos\u00e9 la question de savoir si la mode et l&#8217;inclusion sont indissociablement li\u00e9es et si oui, comment les marques peuvent se lancer aujourd&#8217;hui.<\/span><\/p>\n<p style=\"text-align: justify;\"><span style=\"font-family: arial, helvetica, sans-serif;\">Selon de nombreuses sources et experts, il est aujourd&#8217;hui <span style=\"color: #004b8c;\"><strong>de plus en plus important pour les entreprises d&#8217;\u00eatre plus inclusives<\/strong> <\/span>dans leur marketing et leurs \u00e9quipes. Souvent, les marques de mode n&#8217;ont pas d&#8217;id\u00e9e pr\u00e9cise sur la fa\u00e7on de commencer \u00e0 travailler sur la diversit\u00e9 et l&#8217;inclusion. Par cons\u00e9quent, beaucoup d&#8217;entre elles proc\u00e8dent de mani\u00e8re superficielle et font des erreurs. Elles manquent souvent de recherche ou d&#8217;une approche authentique.<\/span><\/p>\n<p><span style=\"font-family: arial, helvetica, sans-serif; color: #b22222;\"><strong>LA DIVERSITE EST UNE REALITE. L&#8217;INCLUSION EST LA PARTIE DIFFICILE.<\/strong><\/span><\/p>\n<p style=\"text-align: justify;\"><span style=\"font-family: arial, helvetica, sans-serif;\">Pour soutenir nos marques de mode dans cette \u00e9volution, nous avons d\u00e9cid\u00e9 de mettre en place un<strong><span style=\"color: #004b8c;\"> atelier d&#8217;introduction<\/span><\/strong>. Au cours de cet \u00e9v\u00e9nement en ligne, Hamza et Farah ont donn\u00e9 aux participants un meilleur aper\u00e7u de la communication inclusive et la mani\u00e8re d&#8217;atteindre les groupes cibles de fa\u00e7on inclusive. Nous avons d\u00e9couvert comment l&#8217;inclusion et la mode sont indissociablement li\u00e9es et comment les marques de mode peuvent se lancer. La diversit\u00e9 est une r\u00e9alit\u00e9 aujourd&#8217;hui. L&#8217;inclusion est la partie difficile.<\/span><\/p>\n<p style=\"text-align: justify;\"><span style=\"font-family: arial, helvetica, sans-serif;\">FashionUnited \u00e9tait pr\u00e9sent.\u00a0 Vous trouverez leur rapport (en n\u00e9erlandais)<span style=\"color: #0000ff;\"><a style=\"color: #0000ff;\" href=\"https:\/\/fashionunited.be\/nieuws\/business\/expertadvies-handvatten-om-inclusieve-marketing-toe-te-passen\/2023022237854\"> ici<\/a>.<\/span><\/span><\/p>\n<p style=\"text-align: justify;\"><span style=\"font-family: arial, helvetica, sans-serif;\">&gt;&gt;Les personnes int\u00e9ress\u00e9es par l&#8217;enregistrement du webinaire ou la pr\u00e9sentation peuvent contacter Wendy Luyckx, <span style=\"color: #0000ff;\"><a style=\"color: #0000ff;\" href=\"mailto:luyckx@creamoda.be\">luyckx@creamoda.be<\/a><\/span><\/span><\/p>\n","protected":false},"excerpt":{"rendered":"<p>WEBINAIRE &#8216;Marketing inclusif dans la mode: Why should you? Le 16 f\u00e9vrier, nous avons organis\u00e9 le webinaire : Le marketing inclusif dans la mode : Why should you ?, en collaboration avec Hamza Ouamari, sp\u00e9cialiste du marketing inclusif, et Farah El Bastani, styliste de mode et entrepreneur cr\u00e9atif. Nous nous sommes pos\u00e9 la question de [&hellip;]<\/p>\n","protected":false},"author":68,"featured_media":26147,"comment_status":"closed","ping_status":"closed","sticky":false,"template":"","format":"standard","meta":{"_acf_changed":false,"inline_featured_image":false,"footnotes":""},"categories":[413],"tags":[],"class_list":["post-26146","post","type-post","status-publish","format-standard","has-post-thumbnail","hentry","category-archief-fr"],"acf":[],"_links":{"self":[{"href":"https:\/\/www.creamoda.be\/fr\/wp-json\/wp\/v2\/posts\/26146","targetHints":{"allow":["GET"]}}],"collection":[{"href":"https:\/\/www.creamoda.be\/fr\/wp-json\/wp\/v2\/posts"}],"about":[{"href":"https:\/\/www.creamoda.be\/fr\/wp-json\/wp\/v2\/types\/post"}],"author":[{"embeddable":true,"href":"https:\/\/www.creamoda.be\/fr\/wp-json\/wp\/v2\/users\/68"}],"replies":[{"embeddable":true,"href":"https:\/\/www.creamoda.be\/fr\/wp-json\/wp\/v2\/comments?post=26146"}],"version-history":[{"count":1,"href":"https:\/\/www.creamoda.be\/fr\/wp-json\/wp\/v2\/posts\/26146\/revisions"}],"predecessor-version":[{"id":26149,"href":"https:\/\/www.creamoda.be\/fr\/wp-json\/wp\/v2\/posts\/26146\/revisions\/26149"}],"wp:featuredmedia":[{"embeddable":true,"href":"https:\/\/www.creamoda.be\/fr\/wp-json\/wp\/v2\/media\/26147"}],"wp:attachment":[{"href":"https:\/\/www.creamoda.be\/fr\/wp-json\/wp\/v2\/media?parent=26146"}],"wp:term":[{"taxonomy":"category","embeddable":true,"href":"https:\/\/www.creamoda.be\/fr\/wp-json\/wp\/v2\/categories?post=26146"},{"taxonomy":"post_tag","embeddable":true,"href":"https:\/\/www.creamoda.be\/fr\/wp-json\/wp\/v2\/tags?post=26146"}],"curies":[{"name":"wp","href":"https:\/\/api.w.org\/{rel}","templated":true}]}}