{"id":17092,"date":"2022-12-20T17:08:34","date_gmt":"2022-12-20T15:08:34","guid":{"rendered":"https:\/\/www.creamoda.be\/?p=17092"},"modified":"2023-10-16T14:22:53","modified_gmt":"2023-10-16T12:22:53","slug":"nouvelles-importantes","status":"publish","type":"post","link":"https:\/\/www.creamoda.be\/fr\/nouvelles-importantes","title":{"rendered":"Nouvelles importantes"},"content":{"rendered":"<h1><\/h1>\n<h1 style=\"text-align: center;\"><span style=\"color: #993300;\"><strong><u>&gt;&gt;&gt;Nouvelles importantes&lt;&lt;&lt;<\/u><\/strong><\/span><\/h1>\n<h2 style=\"text-align: center;\"><span style=\"color: #008080;\">Changement au sein de Circletex: une d\u00e9cision importante pour r\u00e9pondre \u00e0 la conjuncture actuelle<\/span><\/h2>\n<p><em>20\/12\/2022<\/em><\/p>\n<p>En 2025, les \u00c9tats membres seront tenus de mettre en place une collecte s\u00e9par\u00e9e pour les textiles, vu la directive europ\u00e9enne sur les d\u00e9chets.<\/p>\n<p>Creamoda a <span style=\"text-decoration: underline;\">d\u00e8s \u00e0 pr\u00e9sent<\/span> besoin de donn\u00e9es concr\u00e8tes pour d\u00e9fendre vos int\u00e9r\u00eats face \u00e0 ces autorit\u00e9s (pour la Belgique : Flandre\/Bruxelles\/Wallonie).<\/p>\n<h3><span style=\"color: #008080;\"><u><strong>Qu&#8217;est-ce qui a chang\u00e9 exactement au sein de Circletex?<\/strong><\/u><\/span><\/h3>\n<p>Lors de la d\u00e9claration des produits concern\u00e9s, dans l&#8217;attente d&#8217;une REP obligatoire, et contrairement \u00e0 l&#8217;intention initiale, <strong>il n&#8217;y aura plus de contribution par tonnage<\/strong>, seulement un co\u00fbt administratif pour le traitement de vos donn\u00e9es (collecte, analyse, rapport, utilisation du presskit).<br \/>\nEn \u00e9change de ce co\u00fbt administratif:<\/p>\n<ul>\n<li>vous pouvez utiliser le logo &#8216;participant Circletex\u2019 (= atout commercial)<\/li>\n<li>vous obtenez un aper\u00e7u complet de votre d\u00e9claration r\u00e9dig\u00e9e par l&#8217;asbl Circletex (= partie neutre qui collecte et traite les donn\u00e9es) (= d\u00e9clarer vos donn\u00e9es via un tiers = plus de pouvoir, acceptation officielle)<\/li>\n<li>vous apportez des donn\u00e9es concr\u00e8tes et neutre pour l&#8217;argumentation\/le lobbying aupr\u00e8s des gouvernements et des autres parties prenantes.<\/li>\n<li>vous aidez Creamoda \u00e0 d\u00e9fendre vos int\u00e9r\u00eats sur cette question<\/li>\n<\/ul>\n<h3><span style=\"color: #008080;\"><strong><u>Nous invitons tous nos membres \u00e0 rejoindre Circletex.<\/u><\/strong><\/span><\/h3>\n<p>Ce communiqu\u00e9 s&#8217;adresse principalement aux entreprises commercialisant des textiles professionnels:<\/p>\n<ul>\n<li>Vous \u00eates un distributeur de ces produits et si vous les achetez aupr\u00e8s d&#8217;un &#8220;fabricant et\/ou distributeur non Belge&#8221;.<\/li>\n<li>Vous \u00eates un fabricant de ces produits:<\/li>\n<\/ul>\n<p style=\"padding-left: 80px;\">Applicable:<br \/>\n<strong>\u2192<\/strong> aux fabricants Belges et non Belges<br \/>\n<strong>\u2192 <\/strong>pour la marque propre, aux private labels, pour la location courante\/la location en tant que service<\/p>\n<p>&nbsp;<\/p>\n<p style=\"text-align: center;\"><strong>Pour les entreprises qui commercialisent des textiles de consommation, une communication sp\u00e9cifique aura lieu en janvier pour expliquer davantage le fonctionnement du Circletex.<\/strong><\/p>\n<p style=\"text-align: center;\"><strong>En effet, une extension aux textiles de consommation est pr\u00e9vue.<\/strong><\/p>\n<p>&nbsp;<\/p>\n<p>Nous invitons \u00e9galement tous nos membres \u00e0 informer leurs fournisseurs de textiles sur l\u2019existence de Circletex (<a href=\"https:\/\/circletex.be\/fr\">www.circletex.be<\/a>).<\/p>\n<p>&nbsp;<\/p>\n","protected":false},"excerpt":{"rendered":"<p>&gt;&gt;&gt;Nouvelles importantes&lt;&lt;&lt; Changement au sein de Circletex: une d\u00e9cision importante pour r\u00e9pondre \u00e0 la conjuncture actuelle 20\/12\/2022 En 2025, les \u00c9tats membres seront tenus de mettre en place une collecte s\u00e9par\u00e9e pour les textiles, vu la directive europ\u00e9enne sur les d\u00e9chets. Creamoda a d\u00e8s \u00e0 pr\u00e9sent besoin de donn\u00e9es concr\u00e8tes pour d\u00e9fendre vos int\u00e9r\u00eats face [&hellip;]<\/p>\n","protected":false},"author":328,"featured_media":15829,"comment_status":"closed","ping_status":"closed","sticky":false,"template":"","format":"standard","meta":{"_acf_changed":false,"inline_featured_image":false,"footnotes":""},"categories":[413],"tags":[],"class_list":["post-17092","post","type-post","status-publish","format-standard","has-post-thumbnail","hentry","category-archief-fr"],"acf":[],"_links":{"self":[{"href":"https:\/\/www.creamoda.be\/fr\/wp-json\/wp\/v2\/posts\/17092","targetHints":{"allow":["GET"]}}],"collection":[{"href":"https:\/\/www.creamoda.be\/fr\/wp-json\/wp\/v2\/posts"}],"about":[{"href":"https:\/\/www.creamoda.be\/fr\/wp-json\/wp\/v2\/types\/post"}],"author":[{"embeddable":true,"href":"https:\/\/www.creamoda.be\/fr\/wp-json\/wp\/v2\/users\/328"}],"replies":[{"embeddable":true,"href":"https:\/\/www.creamoda.be\/fr\/wp-json\/wp\/v2\/comments?post=17092"}],"version-history":[{"count":5,"href":"https:\/\/www.creamoda.be\/fr\/wp-json\/wp\/v2\/posts\/17092\/revisions"}],"predecessor-version":[{"id":50541,"href":"https:\/\/www.creamoda.be\/fr\/wp-json\/wp\/v2\/posts\/17092\/revisions\/50541"}],"wp:featuredmedia":[{"embeddable":true,"href":"https:\/\/www.creamoda.be\/fr\/wp-json\/wp\/v2\/media\/15829"}],"wp:attachment":[{"href":"https:\/\/www.creamoda.be\/fr\/wp-json\/wp\/v2\/media?parent=17092"}],"wp:term":[{"taxonomy":"category","embeddable":true,"href":"https:\/\/www.creamoda.be\/fr\/wp-json\/wp\/v2\/categories?post=17092"},{"taxonomy":"post_tag","embeddable":true,"href":"https:\/\/www.creamoda.be\/fr\/wp-json\/wp\/v2\/tags?post=17092"}],"curies":[{"name":"wp","href":"https:\/\/api.w.org\/{rel}","templated":true}]}}