{"id":147963,"date":"2026-04-27T08:58:29","date_gmt":"2026-04-27T06:58:29","guid":{"rendered":"https:\/\/www.creamoda.be\/?p=147963"},"modified":"2026-04-27T13:35:38","modified_gmt":"2026-04-27T11:35:38","slug":"soutien-federal-a-lenergie-2026-quel-est-limpact-sur-les-entreprises","status":"publish","type":"post","link":"https:\/\/www.creamoda.be\/fr\/soutien-federal-a-lenergie-2026-quel-est-limpact-sur-les-entreprises","title":{"rendered":"SOUTIEN FEDERAL A L&#8217;ENERGIE 2026 :L&#8217;IMPACT  SUR LES ENTREPRISES"},"content":{"rendered":"<h2 style=\"text-align: center;\"><span style=\"color: #004b8c; font-size: 18pt;\"><strong><span style=\"font-family: arial, helvetica, sans-serif;\">Soutien f\u00e9d\u00e9ral temporaire \u00e0 l\u2019\u00e9nergie (mai\u2013juillet 2026) :<\/span><\/strong><\/span><\/h2>\n<p style=\"text-align: center;\"><span style=\"font-family: arial, helvetica, sans-serif; font-size: 18pt; color: #b22222;\"><strong>que signifient concr\u00e8tement les mesures pour les entreprises ?<\/strong><\/span><\/p>\n<p>&nbsp;<\/p>\n<p><span style=\"font-family: arial, helvetica, sans-serif;\">Le <strong>21 avril 2026<\/strong>, le gouvernement f\u00e9d\u00e9ral est parvenu \u00e0 un accord sur un <strong>paquet temporaire de mesures de soutien \u00e0 l\u2019\u00e9nergie<\/strong> d\u2019un montant de <strong>80 millions d\u2019euros<\/strong>, r\u00e9parti sur <strong>trois mois (mai\u2013juillet 2026)<\/strong>. Les mesures entrent en vigueur <strong>le 1er mai 2026<\/strong> et visent les personnes les plus touch\u00e9es par la hausse des prix de l\u2019\u00e9nergie et des carburants, en particulier les travailleurs qui doivent utiliser leur <strong>v\u00e9hicule personnel<\/strong> pour se rendre au travail ainsi que les <strong>ind\u00e9pendants<\/strong>.<\/span><\/p>\n<p><span style=\"font-family: arial, helvetica, sans-serif;\">Pour les employeurs, il <strong>ne s\u2019agit pas d\u2019obligations<\/strong>, mais de <strong>choix pouvant avoir un impact direct sur les co\u00fbts de mobilit\u00e9 et les co\u00fbts salariaux globaux<\/strong>.<\/span><\/p>\n<p style=\"text-align: justify;\"><span style=\"font-family: arial, helvetica, sans-serif; color: #b22222;\"><strong>D\u00e9placements domicile\u2011travail : une incitation fiscale temporaire, mais pas sans co\u00fbt<\/strong><\/span><\/p>\n<p style=\"text-align: justify;\"><span style=\"font-family: arial, helvetica, sans-serif;\">Le principal volet concerne l\u2019<strong>incitation fiscale temporaire<\/strong> accord\u00e9e aux employeurs qui instaurent ou augmentent une <strong>indemnit\u00e9 kilom\u00e9trique pour les d\u00e9placements domicile\u2011travail<\/strong>.<\/span><\/p>\n<ul style=\"text-align: justify;\">\n<li><span style=\"font-family: arial, helvetica, sans-serif;\">L\u2019\u00c9tat compense <strong>20 % de l\u2019augmentation<\/strong>, avec un <strong>plafond de 10 centimes par kilom\u00e8tre<\/strong>, via un <strong>cr\u00e9dit d\u2019imp\u00f4t<\/strong>.<\/span><\/li>\n<li><span style=\"font-family: arial, helvetica, sans-serif;\">L\u2019indemnit\u00e9 suppl\u00e9mentaire est <strong>exon\u00e9r\u00e9e d\u2019imp\u00f4t<\/strong> pour le travailleur.<\/span><\/li>\n<li><span style=\"font-family: arial, helvetica, sans-serif;\">La mesure est <strong>volontaire<\/strong>, temporaire et ne s\u2019applique pas aux cartes carburant.<\/span><\/li>\n<\/ul>\n<p style=\"text-align: justify;\"><span style=\"font-family: arial, helvetica, sans-serif;\"><strong>Point d\u2019attention :<\/strong> la compensation <strong>ne couvre pas l\u2019int\u00e9gralit\u00e9 du co\u00fbt<\/strong> et est octroy\u00e9e <strong>a posteriori<\/strong>. Les employeurs doivent donc <strong>pr\u00e9financer l\u2019augmentation<\/strong>. <strong>Creamoda, en concertation avec l\u2019UNIZO et la FEB<\/strong>, attire l\u2019attention sur le risque d\u2019un <strong>co\u00fbt r\u00e9siduel<\/strong> et d\u2019un <strong>impact suppl\u00e9mentaire sur les co\u00fbts salariaux<\/strong>, venant s\u2019ajouter \u00e0 la pression existante li\u00e9e \u00e0 l\u2019indexation.<\/span><\/p>\n<p style=\"text-align: justify;\"><span style=\"font-family: arial, helvetica, sans-serif; color: #b22222;\"><strong>D\u00e9placements professionnels : un soutien limit\u00e9 mais clairement encadr\u00e9<\/strong><\/span><\/p>\n<p style=\"text-align: justify;\"><span style=\"font-family: arial, helvetica, sans-serif;\">Pour les travailleurs qui utilisent leur <strong>v\u00e9hicule personnel pendant la journ\u00e9e de travail<\/strong> (p. ex. fonctions commerciales ou d\u00e9placements professionnels), le cadre de l\u2019<strong>indemnit\u00e9 kilom\u00e9trique forfaitaire<\/strong> fera l\u2019objet d\u2019un <strong>ajustement temporaire<\/strong>. Les <strong>montants et plafonds concrets<\/strong> doivent encore \u00eatre pr\u00e9cis\u00e9s.<\/span><\/p>\n<ul>\n<li style=\"text-align: justify;\"><span style=\"font-family: arial, helvetica, sans-serif;\">Budget : <strong>5 millions d\u2019euros sur trois mois<\/strong><\/span><\/li>\n<li style=\"text-align: justify;\"><span style=\"font-family: arial, helvetica, sans-serif;\">Mesure <strong>fiscalement neutre<\/strong> pour l\u2019employeur et le travailleur<\/span><\/li>\n<li style=\"text-align: justify;\"><span style=\"font-family: arial, helvetica, sans-serif;\">Ici aussi : <strong>aucune obligation<\/strong>, mais un co\u00fbt suppl\u00e9mentaire en cas d\u2019application<\/span><\/li>\n<\/ul>\n<p><span style=\"font-family: arial, helvetica, sans-serif; color: #b22222;\"><strong>Ind\u00e9pendants : report et exon\u00e9ration des cotisations sociales<\/strong><\/span><\/p>\n<p><span style=\"font-family: arial, helvetica, sans-serif;\">Les ind\u00e9pendants peuvent b\u00e9n\u00e9ficier de mesures sp\u00e9cifiques :<\/span><\/p>\n<ul>\n<li><span style=\"font-family: arial, helvetica, sans-serif;\"><strong>Report d\u2019un an<\/strong> du paiement des cotisations sociales pour le <strong>premier semestre 2026<\/strong>, avec <strong>maintien des droits sociaux<\/strong>.<\/span><\/li>\n<li><span style=\"font-family: arial, helvetica, sans-serif;\">Possibilit\u00e9 d\u2019<strong>exon\u00e9ration via une proc\u00e9dure simplifi\u00e9e<\/strong>.<\/span><\/li>\n<\/ul>\n<p><span style=\"font-family: arial, helvetica, sans-serif;\">Pour les employeurs, ces mesures sont <strong>indirectement pertinentes<\/strong> :<\/span><\/p>\n<ul>\n<li><span style=\"font-family: arial, helvetica, sans-serif;\">Elles r\u00e9duisent temporairement la pression financi\u00e8re sur les partenaires ind\u00e9pendants, fournisseurs ou freelances.<\/span><\/li>\n<li><span style=\"font-family: arial, helvetica, sans-serif;\">Elles passent enti\u00e8rement par le <strong>statut social de l\u2019ind\u00e9pendant<\/strong> et <strong>n\u2019ont aucun impact sur les cotisations patronales ni sur les co\u00fbts salariaux<\/strong>.<\/span><\/li>\n<\/ul>\n<p><span style=\"font-family: arial, helvetica, sans-serif; color: #b22222;\"><strong>Accises sur le gaz et le mazout : report, pas de baisse<\/strong><\/span><\/p>\n<p><span style=\"font-family: arial, helvetica, sans-serif;\">L\u2019augmentation pr\u00e9vue des accises sur le gaz et le mazout est <strong>report\u00e9e au 1er ao\u00fbt 2026<\/strong>.<\/span><\/p>\n<p><span style=\"font-family: arial, helvetica, sans-serif;\">Pour les entreprises, cela signifie :<\/span><\/p>\n<ul>\n<li><span style=\"font-family: arial, helvetica, sans-serif;\"><strong>Pas de co\u00fbts suppl\u00e9mentaires \u00e0 court terme<\/strong>, mais <strong>pas de baisse r\u00e9elle des prix<\/strong>.<\/span><\/li>\n<li><span style=\"font-family: arial, helvetica, sans-serif;\">Sur le plan politique, il s\u2019agit d\u2019une <strong>pause<\/strong>, et non d\u2019une r\u00e9forme structurelle.<\/span><\/li>\n<\/ul>\n<p style=\"text-align: justify;\"><span style=\"font-family: arial, helvetica, sans-serif; color: #b22222;\"><strong>Point critique des organisations patronales<\/strong><\/span><\/p>\n<p style=\"text-align: justify;\"><span style=\"font-family: arial, helvetica, sans-serif;\">Creamoda partage les pr\u00e9occupations de la FEB et de l\u2019UNIZO, plaide en faveur d\u2019un soutien \u00e0 l\u2019\u00e9nergie <strong>temporaire et cibl\u00e9<\/strong>, et souligne avec elles le risque d\u2019une <strong>\u00ab facture par la porte arri\u00e8re \u00bb<\/strong> pour les entreprises. Les mesures en mati\u00e8re de mobilit\u00e9, bien que volontaires, risquent en pratique de <strong>se traduire par une hausse des co\u00fbts salariaux<\/strong>, en particulier pour les <strong>PME disposant de marges limit\u00e9es<\/strong>.<\/span><\/p>\n<p style=\"text-align: justify;\"><span style=\"font-family: arial, helvetica, sans-serif; color: #b22222;\"><strong>Que faut\u2011il examiner concr\u00e8tement?<\/strong><\/span><\/p>\n<ul style=\"text-align: justify;\">\n<li><span style=\"font-family: arial, helvetica, sans-serif;\">\u00c9valuer si une <strong>adaptation temporaire de l\u2019indemnit\u00e9 kilom\u00e9trique<\/strong> s\u2019inscrit dans la politique de mobilit\u00e9 et de r\u00e9mun\u00e9ration.<\/span><\/li>\n<li><span style=\"font-family: arial, helvetica, sans-serif;\">Tenir compte du <strong>pr\u00e9financement et des co\u00fbts r\u00e9siduels.<\/strong><\/span><\/li>\n<li><span style=\"font-family: arial, helvetica, sans-serif;\">Communiquer clairement en interne sur le <strong>caract\u00e8re temporaire<\/strong> des mesures.<\/span><\/li>\n<li><span style=\"font-family: arial, helvetica, sans-serif;\">Examiner des alternatives telles que le <strong>t\u00e9l\u00e9travail, le covoiturage ou d\u2019autres solutions de mobilit\u00e9<\/strong>.<\/span><\/li>\n<\/ul>\n<p style=\"text-align: justify;\"><span style=\"font-family: arial, helvetica, sans-serif;\"><strong>En r\u00e9sum\u00e9 :<\/strong> le paquet de soutien \u00e0 l\u2019\u00e9nergie offre aux employeurs une <strong>marge de man\u0153uvre pour soutenir leurs travailleurs<\/strong>, sans obligation. En cas d\u2019application, il convient toutefois de proc\u00e9der \u00e0 une <strong>\u00e9valuation r\u00e9fl\u00e9chie<\/strong>, afin d\u2019\u00e9viter que des mesures temporaires ne se traduisent par des co\u00fbts durables.<\/span><\/p>\n","protected":false},"excerpt":{"rendered":"<p>Soutien f\u00e9d\u00e9ral temporaire \u00e0 l\u2019\u00e9nergie (mai\u2013juillet 2026) : que signifient concr\u00e8tement les mesures pour les entreprises ? &nbsp; Le 21 avril 2026, le gouvernement f\u00e9d\u00e9ral est parvenu \u00e0 un accord sur un paquet temporaire de mesures de soutien \u00e0 l\u2019\u00e9nergie d\u2019un montant de 80 millions d\u2019euros, r\u00e9parti sur trois mois (mai\u2013juillet 2026). Les mesures entrent [&hellip;]<\/p>\n","protected":false},"author":68,"featured_media":147604,"comment_status":"closed","ping_status":"closed","sticky":false,"template":"","format":"standard","meta":{"_acf_changed":false,"inline_featured_image":false,"footnotes":""},"categories":[172,185],"tags":[],"class_list":["post-147963","post","type-post","status-publish","format-standard","has-post-thumbnail","hentry","category-toutes-les-nouvelles","category-actualite"],"acf":[],"_links":{"self":[{"href":"https:\/\/www.creamoda.be\/fr\/wp-json\/wp\/v2\/posts\/147963","targetHints":{"allow":["GET"]}}],"collection":[{"href":"https:\/\/www.creamoda.be\/fr\/wp-json\/wp\/v2\/posts"}],"about":[{"href":"https:\/\/www.creamoda.be\/fr\/wp-json\/wp\/v2\/types\/post"}],"author":[{"embeddable":true,"href":"https:\/\/www.creamoda.be\/fr\/wp-json\/wp\/v2\/users\/68"}],"replies":[{"embeddable":true,"href":"https:\/\/www.creamoda.be\/fr\/wp-json\/wp\/v2\/comments?post=147963"}],"version-history":[{"count":5,"href":"https:\/\/www.creamoda.be\/fr\/wp-json\/wp\/v2\/posts\/147963\/revisions"}],"predecessor-version":[{"id":147971,"href":"https:\/\/www.creamoda.be\/fr\/wp-json\/wp\/v2\/posts\/147963\/revisions\/147971"}],"wp:featuredmedia":[{"embeddable":true,"href":"https:\/\/www.creamoda.be\/fr\/wp-json\/wp\/v2\/media\/147604"}],"wp:attachment":[{"href":"https:\/\/www.creamoda.be\/fr\/wp-json\/wp\/v2\/media?parent=147963"}],"wp:term":[{"taxonomy":"category","embeddable":true,"href":"https:\/\/www.creamoda.be\/fr\/wp-json\/wp\/v2\/categories?post=147963"},{"taxonomy":"post_tag","embeddable":true,"href":"https:\/\/www.creamoda.be\/fr\/wp-json\/wp\/v2\/tags?post=147963"}],"curies":[{"name":"wp","href":"https:\/\/api.w.org\/{rel}","templated":true}]}}