{"id":126296,"date":"2025-10-21T15:18:41","date_gmt":"2025-10-21T13:18:41","guid":{"rendered":"https:\/\/www.creamoda.be\/?p=126296"},"modified":"2025-10-22T09:15:36","modified_gmt":"2025-10-22T07:15:36","slug":"retexbel-pret-s-attaquer-a-la-gestion-des-dechets","status":"publish","type":"post","link":"https:\/\/www.creamoda.be\/fr\/retexbel-pret-s-attaquer-a-la-gestion-des-dechets","title":{"rendered":"Retexbel, pr\u00eat \u00e0 s&#8217;attaquer \u00e0 la gestion des d\u00e9chets textiles en Belgique"},"content":{"rendered":"<h2 style=\"text-align: center;\"><span style=\"font-family: arial, helvetica, sans-serif; color: #004b8c;\"><strong>Retexbel, pr\u00eat \u00e0 s&#8217;attaquer \u00e0 la gestion des d\u00e9chets textiles en Belgique<\/strong><\/span><\/h2>\n<p style=\"text-align: justify;\"><strong><span style=\"font-family: arial, helvetica, sans-serif;\">Jeudi 16 octobre &#8211; La quantit\u00e9 de d\u00e9chets textiles a consid\u00e9rablement augment\u00e9 en Europe ces derni\u00e8res ann\u00e9es, notamment en raison de la num\u00e9risation du secteur de la vente au d\u00e9tail. Il n&#8217;a jamais \u00e9t\u00e9 aussi facile d&#8217;acheter des textiles, m\u00eame si les colis doivent venir Asie.<\/span><\/strong><\/p>\n<p style=\"text-align: justify;\"><strong><span style=\"font-family: arial, helvetica, sans-serif;\">Ainsi, en 2022, la quantit\u00e9 totale de d\u00e9chets textiles dans l&#8217;UE27 s&#8217;\u00e9levait \u00e0 pas moins de 6,94 millions de tonnes, soit 16 kg par personne. Les d\u00e9chets textiles provenant des consommateurs (m\u00e9nages) constituent la principale source de d\u00e9chets textiles. <em>(1)<\/em><\/span><\/strong><\/p>\n<p style=\"text-align: justify;\"><span style=\"font-family: arial, helvetica, sans-serif;\">Le secteur du textile belge reconna\u00eet \u00e9galement l&#8217;importance du d\u00e9fi environnemental que repr\u00e9sentent les d\u00e9chets textiles et a donc commenc\u00e9, il y a deux ans d\u00e9j\u00e0, \u00e0 se pr\u00e9parer activement \u00e0 un avenir circulaire. <strong>Aujourd&#8217;hui, cela se traduit par une \u00e9tape importante pour le secteur belge de l&#8217;habillement et du textile, notamment par la cr\u00e9ation de Retexbel<\/strong>, un nouvel organisme de gestion\u00a0 en charge de la responsabilit\u00e9 \u00e9largie des producteurs (REP) pour l\u2019habillement, le linge de maison et les chaussures. Retexbel est une initiative conjointe de <span style=\"color: #0000ff;\"><a style=\"color: #0000ff;\" href=\"http:\/\/www.comeos.be\/\">Comeos<\/a><\/span>, <span style=\"color: #0000ff;\">Creamoda<\/span> et <span style=\"color: #0000ff;\"><a style=\"color: #0000ff;\" href=\"http:\/\/www.fedustria.be\/\">Fedustria<\/a><\/span>, et sera g\u00e9r\u00e9e par <span style=\"color: #0000ff;\"><a style=\"color: #0000ff;\" href=\"https:\/\/www.recydata.be\/fr\/\">Recydata<\/a><\/span>. Les acteurs op\u00e9rationnels priv\u00e9s et sociaux \u2013 <span style=\"color: #0000ff;\"><a style=\"color: #0000ff;\" href=\"https:\/\/denuo.be\/fr\">Denuo<\/a><\/span>, <span style=\"color: #0000ff;\"><a style=\"color: #0000ff;\" href=\"https:\/\/www.res-sources.be\/\">Ressources<\/a><\/span>, <span style=\"color: #0000ff;\"><a style=\"color: #0000ff;\" href=\"https:\/\/herwin.be\/\">Herwin<\/a><\/span> et <span style=\"color: #0000ff;\"><a style=\"color: #0000ff;\" href=\"https:\/\/groepmaatwerk.be\/\">Groep Maatwerk<\/a><\/span> \u2013 sont impliqu\u00e9s dans la gestion d\u00e8s le d\u00e9but. Retexbel souligne ainsi l&#8217;importance de ces parties prenantes d\u00e8s le d\u00e9part. En lan\u00e7ant ce projet commun et en le pr\u00e9sentant officiellement aujourd&#8217;hui, tous les acteurs du secteur du textile belge, en \u00e9troite concertation avec les trois R\u00e9gions, franchissent une \u00e9tape importante vers plus de durabilit\u00e9.<\/span><\/p>\n<p style=\"text-align: justify;\"><span style=\"font-family: arial, helvetica, sans-serif;\">Avec Retexbel, le secteur belge anticipe <strong>la r\u00e9vision de la directive-cadre europ\u00e9enne sur les d\u00e9chets<\/strong>, qui est r\u00e9cemment entr\u00e9e en vigueur. Cette directive oblige en effet les \u00c9tats membres \u00e0 mettre en place un syst\u00e8me de \u00ab responsabilit\u00e9 \u00e9largie des producteurs \u00bb (REP) d&#8217;ici avril 2028 au plus tard. Concr\u00e8tement, les nouvelles obligations impliquent qu&#8217;\u00e0 partir de 2028, les entreprises qui mettent sur le march\u00e9 belge des v\u00eatements, du linge de maison ou des chaussures seront responsables des co\u00fbts li\u00e9s \u00e0 la collecte et au traitement de leurs produits lorsqu&#8217;ils deviennent des d\u00e9chets. <strong>Retexbel garantit une solution collective et ouvre ainsi la voie \u00e0 l&#8217;\u00e9conomie circulaire.<\/strong><\/span><\/p>\n<p style=\"text-align: center;\"><img loading=\"lazy\" decoding=\"async\" class=\"alignnone wp-image-126401 aligncenter\" src=\"https:\/\/www.creamoda.be\/wp-content\/uploads\/2025\/10\/Retexbel2-300x200.jpg\" alt=\"\" width=\"607\" height=\"405\" \/><\/p>\n<p><span style=\"font-family: arial, helvetica, sans-serif; color: #004b8c;\"><strong><em>Un secteur en pleine mutation<\/em><\/strong><\/span><\/p>\n<p><span style=\"font-family: arial, helvetica, sans-serif;\">Apr\u00e8s sa publication au Journal officiel de l&#8217;Union europ\u00e9enne le 26 septembre 2025, cette directive-cadre r\u00e9vis\u00e9e relative aux d\u00e9chets est entr\u00e9e en vigueur.<\/span><\/p>\n<p><span style=\"font-family: arial, helvetica, sans-serif;\">Afin de r\u00e9duire la montagne de d\u00e9chets textiles en Europe, l&#8217;Union europ\u00e9enne a int\u00e9gr\u00e9 plusieurs<strong> mesures<\/strong> dans la r\u00e9vision de sa directive-cadre relative aux d\u00e9chets :<\/span><\/p>\n<ul>\n<li><span style=\"font-family: arial, helvetica, sans-serif; color: #004b8c;\">Des dispositions obligatoires en mati\u00e8re de responsabilit\u00e9 \u00e9largie des producteurs (REP) pour les produits textiles, les produits li\u00e9s au textile et les chaussures<\/span><\/li>\n<li><span style=\"font-family: arial, helvetica, sans-serif; color: #004b8c;\">Responsabilit\u00e9 financi\u00e8re totale des producteurs (y compris le commerce \u00e9lectronique) pour la collecte, le tri et le recyclage<\/span><\/li>\n<li><span style=\"font-family: arial, helvetica, sans-serif; color: #004b8c;\">D\u00e9lai de 30 mois pour les \u00c9tats membres pour mettre en place des syst\u00e8mes REP<\/span><\/li>\n<li><span style=\"font-family: arial, helvetica, sans-serif; color: #004b8c;\">Redevances \u00e9co-modul\u00e9es : les marques proposant des mod\u00e8les plus durables et recyclables paient moins.<\/span><\/li>\n<\/ul>\n<p style=\"text-align: justify;\"><span style=\"font-family: arial, helvetica, sans-serif;\">En tant qu&#8217;organisme de gestion, Retexbel garantit d\u00e8s aujourd&#8217;hui une r\u00e9ponse efficace et efficiente \u00e0 cette directive et \u00e0 la responsabilit\u00e9 obligatoire des producteurs sur le march\u00e9 belge.<\/span><\/p>\n<p style=\"text-align: justify;\"><span style=\"font-family: arial, helvetica, sans-serif;\">Tous les partenaires concern\u00e9s reconnaissent les d\u00e9fis consid\u00e9rables que pose le probl\u00e8me europ\u00e9en et mondial des d\u00e9chets textiles, mais plaident en faveur d&#8217;objectifs r\u00e9alistes, car le secteur du textile est en pleine mutation.<\/span><\/p>\n<blockquote>\n<p style=\"text-align: justify;\"><span style=\"font-family: arial, helvetica, sans-serif;\"><span style=\"color: #ffffff;\">Ilse Roosens, conseill\u00e8re en Qualit\u00e9, S\u00e9curit\u00e9 des produits et Durabilit\u00e9 chez Creamoda :<\/span> \u00ab Les futures exigences europ\u00e9ennes en mati\u00e8re d&#8217;\u00e9coconception seront essentielles pour garantir que les textiles collect\u00e9s puissent \u00eatre r\u00e9utilis\u00e9s ou recycl\u00e9s efficacement. \u00bb<\/span><\/p>\n<\/blockquote>\n<p>&nbsp;<\/p>\n<blockquote>\n<p style=\"text-align: justify;\"><span style=\"font-family: arial, helvetica, sans-serif;\"><span style=\"color: #ffffff;\">Bruno Eggermont, conseiller en mati\u00e8re de Durabilit\u00e9 et d&#8217;\u00c9nergie chez Fedustria :<\/span>\u00abNous devons disposer de suffisamment de temps : la date de mise en \u0153uvre pratique ne peut \u00eatre fix\u00e9e qu&#8217;en 2028, comme le pr\u00e9voit la directive europ\u00e9enne. Il faut parvenir \u00e0 une harmonisation maximale au niveau europ\u00e9en, tant en ce qui concerne le champ d&#8217;application que les rapportages \u00e9tablis par les entreprises. \u00bb<\/span><\/p>\n<p>&nbsp;<\/p><\/blockquote>\n<p>&nbsp;<\/p>\n<blockquote>\n<p style=\"text-align: justify;\"><span style=\"font-family: arial, helvetica, sans-serif;\">Le secteur souligne l&#8217;importance de contr\u00f4les stricts afin de garantir que les entreprises non europ\u00e9ennes et les plateformes en ligne actives sur le march\u00e9 belge respectent \u00e9galement les m\u00eames obligations. \u00ab Ce n&#8217;est un secret pour personne que nous sommes inond\u00e9s de v\u00eatements souvent tr\u00e8s bon march\u00e9 et de mauvaise qualit\u00e9 provenant de boutiques en ligne asiatiques. Nous partons du principe que les autorit\u00e9s r\u00e9gionales veilleront strictement \u00e0 ce que ces plateformes en ligne paient \u00e9galement leur part des co\u00fbts, c&#8217;est tout \u00e0 fait logique \u00bb, <span style=\"color: #ffffff;\">conclut Nathalie De Greve, directrice Sustainability chez Comeos.<\/span><\/span><\/p>\n<\/blockquote>\n<p style=\"text-align: justify;\"><strong><span style=\"font-family: arial, helvetica, sans-serif;\">Avec Retexbel, le secteur souhaite non seulement se conformer \u00e0 la r\u00e9glementation, mais aussi contribuer \u00e0 une \u00e9conomie circulaire et \u00e0 un avenir durable pour le textile en Belgique.<\/span><\/strong><\/p>\n<ol>\n<li><span style=\"font-family: arial, helvetica, sans-serif;\"><a href=\"https:\/\/www.eea.europa.eu\/en\/analysis\/publications\/management-of-used-and-waste-textiles-in-europes-circular-economy\"><em>Management of used and waste textiles in Europe\u2019s circular economy | Publications | European Environment Agency (EEA)<\/em><\/a><\/span><\/li>\n<\/ol>\n<hr \/>\n<p><strong><span style=\"font-family: arial, helvetica, sans-serif;\">A propos de Creamoda<\/span><\/strong><\/p>\n<p style=\"text-align: justify;\"><span style=\"font-family: arial, helvetica, sans-serif;\"><span style=\"color: #0000ff;\"><a style=\"color: #0000ff;\" href=\"https:\/\/www.creamoda.be\/fr\">Creamoda<\/a><\/span> est la f\u00e9d\u00e9ration professionnelle du secteur belge de la mode et de la confection, ainsi que le moteur du conseil, de la visibilit\u00e9 et du changement. la f\u00e9d\u00e9ration belge des producteurs de v\u00eatements. Parmi nos membres, nous comptons des producteurs de marques de mode et de pr\u00eat-\u00e0-porter, ainsi que des producteurs d&#8217;autres types de v\u00eatements (tels que des v\u00eatements de travail, des uniformes, etc.). Nous voulons \u00eatre une communaut\u00e9 forte qui promeut ses membres, les rend visibles, durables et p\u00e9rennes. Les entreprises peuvent s&#8217;adresser \u00e0 Creamoda pour obtenir des conseils sp\u00e9cialis\u00e9s et personnalis\u00e9s sur des sujets tels que la durabilit\u00e9, la s\u00e9curit\u00e9 et la qualit\u00e9 des produits, les questions juridiques, internationales et sociales, ainsi que la communication. Forte d&#8217;une connaissance approfondie et \u00e9tendue du secteur, Creamoda d\u00e9fend les int\u00e9r\u00eats de ses membres aupr\u00e8s des instances nationales et europ\u00e9ennes et offre un r\u00e9seau propice \u00e0 l&#8217;inspiration.<\/span><\/p>\n<p><strong><span style=\"font-family: arial, helvetica, sans-serif;\">A propos de Comeos<\/span><\/strong><\/p>\n<p><span style=\"color: #0000ff;\"><a style=\"color: #0000ff;\" href=\"https:\/\/www.comeos.be\/home\">Comeos<\/a><\/span><span style=\"font-family: arial, helvetica, sans-serif;\"> rassemble, repr\u00e9sente et renforce le commerce et les services en Belgique. Plus de 550 000 personnes travaillent dans ce secteur et chacune d&#8217;entre elles est notre cliente. Le commerce est de plus en plus omnicanal : tant\u00f4t nous faisons nos achats en magasin, tant\u00f4t nous les faisons en ligne. Tant\u00f4t nous allons au restaurant, tant\u00f4t nous nous faisons livrer un repas \u00e0 domicile. Nous assumons donc une grande responsabilit\u00e9 sociale. En tant que premier employeur priv\u00e9, le secteur est un levier indispensable pour notre \u00e9conomie.<\/span><\/p>\n<p style=\"text-align: justify;\"><strong><span style=\"font-family: arial, helvetica, sans-serif;\">A propos de Fedustria<\/span><\/strong><\/p>\n<p style=\"text-align: justify;\"><span style=\"font-family: arial, helvetica, sans-serif; color: #0000ff;\"><a style=\"color: #0000ff;\" href=\"https:\/\/www.fedustria.be\/fr\">Fedustria\u00a0<\/a><\/span><span style=\"font-family: arial, helvetica, sans-serif;\">est la f\u00e9d\u00e9ration belge de l&#8217;industrie du textile, du bois et de l\u2019ameublement. Elle repr\u00e9sente plus de 1 500 entreprises en Belgique (dont plus de 90 % sont des PME), qui cr\u00e9ent ensemble quelque 32 500 emplois directs et r\u00e9alisent un chiffre d&#8217;affaires de 11 milliards d&#8217;euros, dont environ 70 % proviennent des exportations. L&#8217;industrie du textile repr\u00e9sente un chiffre d&#8217;affaires de 5 milliards d&#8217;euros avec 523 entreprises et quelque 16 000 employ\u00e9s.<\/span><\/p>\n<hr \/>\n<p><span style=\"font-family: arial, helvetica, sans-serif;\">Contact: Michiel Van den plas<\/span><\/p>\n<p><span style=\"font-family: arial, helvetica, sans-serif;\">T\u00e9l\u00e9phone: +32 496 02 80 88<\/span><\/p>\n<p><span style=\"font-family: arial, helvetica, sans-serif;\">Email: <a href=\"mailto:info@retexbel.be\">info@retexbel.be<\/a><\/span><\/p>\n<p style=\"text-align: center;\"><span style=\"font-family: arial, helvetica, sans-serif;\">Une initiative de:<\/span><\/p>\n<p><img loading=\"lazy\" decoding=\"async\" class=\"aligncenter wp-image-126406 size-large\" src=\"https:\/\/www.creamoda.be\/wp-content\/uploads\/2025\/10\/Logos-initiatiefnemers-1024x118.png\" alt=\"\" width=\"1024\" height=\"118\" srcset=\"https:\/\/www.creamoda.be\/wp-content\/uploads\/2025\/10\/Logos-initiatiefnemers-1024x118.png 1024w, https:\/\/www.creamoda.be\/wp-content\/uploads\/2025\/10\/Logos-initiatiefnemers-300x35.png 300w, https:\/\/www.creamoda.be\/wp-content\/uploads\/2025\/10\/Logos-initiatiefnemers-768x89.png 768w, https:\/\/www.creamoda.be\/wp-content\/uploads\/2025\/10\/Logos-initiatiefnemers.png 1258w\" sizes=\"auto, (max-width: 1024px) 100vw, 1024px\" \/><\/p>\n","protected":false},"excerpt":{"rendered":"<p>Retexbel, pr\u00eat \u00e0 s&#8217;attaquer \u00e0 la gestion des d\u00e9chets textiles en Belgique Jeudi 16 octobre &#8211; La quantit\u00e9 de d\u00e9chets textiles a consid\u00e9rablement augment\u00e9 en Europe ces derni\u00e8res ann\u00e9es, notamment en raison de la num\u00e9risation du secteur de la vente au d\u00e9tail. Il n&#8217;a jamais \u00e9t\u00e9 aussi facile d&#8217;acheter des textiles, m\u00eame si les colis [&hellip;]<\/p>\n","protected":false},"author":68,"featured_media":126508,"comment_status":"closed","ping_status":"closed","sticky":false,"template":"","format":"standard","meta":{"_acf_changed":false,"inline_featured_image":false,"footnotes":""},"categories":[172,187],"tags":[],"class_list":["post-126296","post","type-post","status-publish","format-standard","has-post-thumbnail","hentry","category-toutes-les-nouvelles","category-communiques-de-presse"],"acf":[],"_links":{"self":[{"href":"https:\/\/www.creamoda.be\/fr\/wp-json\/wp\/v2\/posts\/126296","targetHints":{"allow":["GET"]}}],"collection":[{"href":"https:\/\/www.creamoda.be\/fr\/wp-json\/wp\/v2\/posts"}],"about":[{"href":"https:\/\/www.creamoda.be\/fr\/wp-json\/wp\/v2\/types\/post"}],"author":[{"embeddable":true,"href":"https:\/\/www.creamoda.be\/fr\/wp-json\/wp\/v2\/users\/68"}],"replies":[{"embeddable":true,"href":"https:\/\/www.creamoda.be\/fr\/wp-json\/wp\/v2\/comments?post=126296"}],"version-history":[{"count":13,"href":"https:\/\/www.creamoda.be\/fr\/wp-json\/wp\/v2\/posts\/126296\/revisions"}],"predecessor-version":[{"id":126534,"href":"https:\/\/www.creamoda.be\/fr\/wp-json\/wp\/v2\/posts\/126296\/revisions\/126534"}],"wp:featuredmedia":[{"embeddable":true,"href":"https:\/\/www.creamoda.be\/fr\/wp-json\/wp\/v2\/media\/126508"}],"wp:attachment":[{"href":"https:\/\/www.creamoda.be\/fr\/wp-json\/wp\/v2\/media?parent=126296"}],"wp:term":[{"taxonomy":"category","embeddable":true,"href":"https:\/\/www.creamoda.be\/fr\/wp-json\/wp\/v2\/categories?post=126296"},{"taxonomy":"post_tag","embeddable":true,"href":"https:\/\/www.creamoda.be\/fr\/wp-json\/wp\/v2\/tags?post=126296"}],"curies":[{"name":"wp","href":"https:\/\/api.w.org\/{rel}","templated":true}]}}