{"id":122802,"date":"2025-09-10T12:00:30","date_gmt":"2025-09-10T10:00:30","guid":{"rendered":"https:\/\/www.creamoda.be\/?p=122802"},"modified":"2025-09-10T12:05:20","modified_gmt":"2025-09-10T10:05:20","slug":"ue-projecteurs-directive-dechets","status":"publish","type":"post","link":"https:\/\/www.creamoda.be\/fr\/ue-projecteurs-directive-dechets","title":{"rendered":"L\u2019UE sous les projecteurs cette semaine : Le vote sur la r\u00e9vision de la Directive-Cadre relative aux d\u00e9chets"},"content":{"rendered":"<h2 style=\"text-align: center;\"><span style=\"font-family: arial, helvetica, sans-serif; color: #004b8c;\"><strong>L\u2019UE sous les projecteurs cette semaine : <\/strong><\/span><\/h2>\n<h2 style=\"text-align: center;\"><span style=\"font-family: arial, helvetica, sans-serif; color: #004b8c;\"><strong>Le vote sur la r\u00e9vision de la Directive-Cadre relative aux d\u00e9chets<\/strong><\/span><\/h2>\n<p style=\"text-align: justify;\"><span style=\"font-family: arial, helvetica, sans-serif;\">Dans le but de r\u00e9duire la montagne de d\u00e9chets, de favoriser le recyclage et de stimuler le textile durable, les d\u00e9put\u00e9s europ\u00e9ens ont vot\u00e9 aujourd\u2019hui \u2013 9 septembre \u2013 sur la r\u00e9vision de la Directive-Cadre relative aux d\u00e9chets.<\/span><\/p>\n<p style=\"text-align: justify;\"><span style=\"font-family: arial, helvetica, sans-serif;\">Un moment important pour le secteur textile, car la directive pr\u00e9voit l\u2019introduction de la Responsabilit\u00e9 \u00c9largie du Producteur (REP) obligatoire pour le textile dans tous les \u00c9tats membres de l\u2019UE. Cela signifie que les marques, les d\u00e9taillants et les producteurs qui mettent du textile sur le march\u00e9 europ\u00e9en deviennent responsables de leurs produits tout au long de leur cycle de vie, y compris lorsqu\u2019ils deviennent des d\u00e9chets. Cette responsabilit\u00e9 inclut notamment le financement de la collecte, du tri, de la r\u00e9utilisation et du recyclage des v\u00eatements.<\/span><\/p>\n<p style=\"text-align: justify;\"><span style=\"font-family: arial, helvetica, sans-serif;\">En cas d\u2019approbation, la directive passera \u00e0 la phase d\u2019adoption formelle. Les \u00c9tats membres disposeront alors de 30 mois pour mettre en place des syst\u00e8mes nationaux de REP pour le textile. C\u2019est pourquoi Creamoda \u2013 en collaboration avec les f\u00e9d\u00e9rations sectorielles Comeos et Fedustria \u2013 a lanc\u00e9 d\u00e8s 2023 les pr\u00e9paratifs pour l\u2019introduction de ces obligations REP, ce qui aboutira encore ce mois-ci \u00e0 la cr\u00e9ation de l\u2019asbl Retexbel.<\/span><\/p>\n<p><span style=\"font-family: arial, helvetica, sans-serif; color: #004b8c;\"><strong>Qu\u2019est-ce que cela signifie pour vous en tant que producteur, marque ou d\u00e9taillant ?<\/strong><\/span><\/p>\n<ul>\n<li style=\"text-align: justify;\"><span style=\"font-family: arial, helvetica, sans-serif;\">Creamoda d\u00e9fend les int\u00e9r\u00eats des producteurs de v\u00eatements et occupe une place active au sein de l\u2019asbl Retexbel.<\/span><\/li>\n<li style=\"text-align: justify;\"><span style=\"font-family: arial, helvetica, sans-serif;\">Creamoda suit de pr\u00e8s l\u2019\u00e9volution de la REP et veille \u00e0 sa mise en \u0153uvre pratique en Belgique, en tenant compte des besoins du secteur.<\/span><\/li>\n<li style=\"text-align: justify;\"><span style=\"font-family: arial, helvetica, sans-serif;\">En tant que membre, vous b\u00e9n\u00e9ficiez de conseils de premi\u00e8re ligne, d\u2019un soutien pratique et de l\u2019acc\u00e8s \u00e0 des experts pour vos questions sp\u00e9cifiques. Nous organisons des s\u00e9ances d\u2019information \u00e0 ce sujet, partageons des connaissances actualis\u00e9es et proposons des outils pour impl\u00e9menter la REP dans votre entreprise.<\/span><\/li>\n<\/ul>\n<p><span style=\"font-family: arial, helvetica, sans-serif; color: #004b8c;\"><strong>Vous n\u2019\u00eates pas seul !<\/strong><\/span><\/p>\n<p><span style=\"font-family: arial, helvetica, sans-serif;\">Des questions sur la REP, la l\u00e9gislation ou l\u2019impact sur votre mod\u00e8le d\u2019affaires ?<\/span><br \/>\n<span style=\"font-family: arial, helvetica, sans-serif;\">Contactez l\u2019experte et conseill\u00e8re Creamoda <strong>Ilse Roosens<\/strong> via <span style=\"color: #0000ff;\"><a style=\"color: #0000ff;\" href=\"mailto:ilse.roosens@creamoda.be\">ilse.roosens@creamoda.be<\/a><\/span> pour un accompagnement personnalis\u00e9.<\/span><\/p>\n<p><span style=\"font-family: arial, helvetica, sans-serif; font-size: 8pt;\">Date : 10\/9\/2025<\/span><\/p>\n<p>&nbsp;<\/p>\n","protected":false},"excerpt":{"rendered":"<p>L\u2019UE sous les projecteurs cette semaine : Le vote sur la r\u00e9vision de la Directive-Cadre relative aux d\u00e9chets Dans le but de r\u00e9duire la montagne de d\u00e9chets, de favoriser le recyclage et de stimuler le textile durable, les d\u00e9put\u00e9s europ\u00e9ens ont vot\u00e9 aujourd\u2019hui \u2013 9 septembre \u2013 sur la r\u00e9vision de la Directive-Cadre relative aux [&hellip;]<\/p>\n","protected":false},"author":68,"featured_media":122805,"comment_status":"closed","ping_status":"closed","sticky":false,"template":"","format":"standard","meta":{"_acf_changed":false,"inline_featured_image":false,"footnotes":""},"categories":[172,185],"tags":[],"class_list":["post-122802","post","type-post","status-publish","format-standard","has-post-thumbnail","hentry","category-toutes-les-nouvelles","category-actualite"],"acf":[],"_links":{"self":[{"href":"https:\/\/www.creamoda.be\/fr\/wp-json\/wp\/v2\/posts\/122802","targetHints":{"allow":["GET"]}}],"collection":[{"href":"https:\/\/www.creamoda.be\/fr\/wp-json\/wp\/v2\/posts"}],"about":[{"href":"https:\/\/www.creamoda.be\/fr\/wp-json\/wp\/v2\/types\/post"}],"author":[{"embeddable":true,"href":"https:\/\/www.creamoda.be\/fr\/wp-json\/wp\/v2\/users\/68"}],"replies":[{"embeddable":true,"href":"https:\/\/www.creamoda.be\/fr\/wp-json\/wp\/v2\/comments?post=122802"}],"version-history":[{"count":6,"href":"https:\/\/www.creamoda.be\/fr\/wp-json\/wp\/v2\/posts\/122802\/revisions"}],"predecessor-version":[{"id":122811,"href":"https:\/\/www.creamoda.be\/fr\/wp-json\/wp\/v2\/posts\/122802\/revisions\/122811"}],"wp:featuredmedia":[{"embeddable":true,"href":"https:\/\/www.creamoda.be\/fr\/wp-json\/wp\/v2\/media\/122805"}],"wp:attachment":[{"href":"https:\/\/www.creamoda.be\/fr\/wp-json\/wp\/v2\/media?parent=122802"}],"wp:term":[{"taxonomy":"category","embeddable":true,"href":"https:\/\/www.creamoda.be\/fr\/wp-json\/wp\/v2\/categories?post=122802"},{"taxonomy":"post_tag","embeddable":true,"href":"https:\/\/www.creamoda.be\/fr\/wp-json\/wp\/v2\/tags?post=122802"}],"curies":[{"name":"wp","href":"https:\/\/api.w.org\/{rel}","templated":true}]}}