{"id":11373,"date":"2021-11-24T00:16:30","date_gmt":"2021-11-23T22:16:30","guid":{"rendered":"https:\/\/www.creamoda.be\/toutes-les-nouvelles\/445-belgische-bedrijven-maken-mondmaskers\/"},"modified":"2021-12-01T00:15:12","modified_gmt":"2021-11-30T22:15:12","slug":"445-les-entreprises-belges-produisent-des-masques-de-protectionux","status":"publish","type":"post","link":"https:\/\/www.creamoda.be\/fr\/445-les-entreprises-belges-produisent-des-masques-de-protectionux","title":{"rendered":"Les entreprises belges produisent des masques de protection"},"content":{"rendered":"<p><strong><img loading=\"lazy\" decoding=\"async\" src=\"https:\/\/mcusercontent.com\/e0bb70756423d61f598701f09\/images\/a34d9dd2-a296-407c-9d4e-33e7a4114ff7.png\" alt=\"\" width=\"20\" height=\"20\" data-file-id=\"1804058\" \/>\u00a0<img loading=\"lazy\" decoding=\"async\" src=\"https:\/\/mcusercontent.com\/e0bb70756423d61f598701f09\/images\/9a83dff7-9110-4caf-8d1c-30a262cf45ef.jpg\" alt=\"\" width=\"40\" height=\"24\" data-file-id=\"1804046\" \/>\u00a0\u00a0\u00a0APERCU DES ENTREPRISES BELGES<\/strong><\/p>\n<p>Creamoda a r\u00e9alis\u00e9 un aper\u00e7u de ses membres, entreprises belges qui peuvent offrir\u00a0<strong>des masques artisanaux et des masques &#8220;community\u00bb.<\/strong><\/p>\n<p>Il s&#8217;agit d&#8217;une liste d&#8217;entreprises avec leurs coordonn\u00e9es.\u00a0Il vous est possible de les contacter pour obtenir de plus amples informations concernant l&#8217;offre exacte, les quantit\u00e9s, le d\u00e9lai de livraison et le prix.<\/p>\n<p><strong>Entreprises belges qui produisent des masques &#8220;community&#8221; ou masques artisanaux:<\/strong><\/p>\n<p>ALICE ET MAMAN &#8211; C\u00e9line Lietaer &#8211; 0472\/96.77.80 &#8211;\u00a0<a href=\"mailto:celine@aliceetmaman;be\" target=\"_blank\" rel=\"noopener\">celine@aliceetmaman.be<\/a><\/p>\n<p>ALSICO: Vincent Siau &#8211; 055\/23.71.71 &#8211;\u00a0<a href=\"mailto:vincent.siau@alsico.com\" target=\"_blank\" rel=\"noopener\">vincent.siau@alsico.com<\/a><\/p>\n<p>AUTRUCHE: Jeroen Verhille &#8211; 0478\/96.01.43 &#8211;\u00a0<a href=\"mailto:jeroen.verhille@autruche.be\" target=\"_blank\" rel=\"noopener\">jeroen.verhille@autruche.be<\/a><\/p>\n<p>BAMBOO BELGIUM: Fina Vanbuel &#8211; 0494\/08.31.36 &#8211;\u00a0<a href=\"mailto:info@bamboobelgium.be\" target=\"_blank\" rel=\"noopener\">info@bamboobelgium.be<\/a><\/p>\n<p>BELCONFECT: Filip Lietaer &#8211; 056\/64.43.67 &#8211;\u00a0<a href=\"mailto:filip.lietaer@bel-confect.be\" target=\"_blank\" rel=\"noopener\">info@belconfect.be<\/a><\/p>\n<p>CELESTA: Rony Vandermeersch &#8211;\u00a0056\/41.20.55 &#8211;\u00a0<a href=\"mailto:rony@edpnet.be\" target=\"_blank\" rel=\"noopener\">rony@edpnet.be<\/a><\/p>\n<p>CRICKET &amp; CO: Mehmet T\u00fcrk\u00f6z &#8211; 010\/23.26.60 &#8211;\u00a0<a href=\"mailto:mturkoz@cricketco.be\" target=\"_blank\" rel=\"noopener\">mturkoz@cricketco.be<\/a><\/p>\n<p>DUTRA: Mireille Rousseaux-Nelis\u00a0&#8211;\u00a002\/686.15.25 &#8211;\u00a0<a href=\"mailto:m.rousseaux@dutra.be\" target=\"_blank\" rel=\"noopener\">m.rousseaux@dutra.be<\/a><\/p>\n<p>FLANDERS FASHION MAKERS: Sophie Lesire &#8211; 011\/31.13.21 &#8211;\u00a0<a href=\"mailto:sophie.lesire@flandersfashionmakers.be\" target=\"_blank\" rel=\"noopener\">sophie.lesire@flandersfashionmakers.be<\/a><\/p>\n<p>INTERSHIRT: Alex De Cooman &#8211;\u00a00495\/28.82.87 &#8211;\u00a0<a href=\"mailto:alex@intershirt.com\" target=\"_blank\" rel=\"noopener\">alex@intershirt.com<\/a><\/p>\n<p>L&amp;V FASHION: Tine Vandaele &#8211; 051\/70.16.27 &#8211;\u00a0<a href=\"mailto:tine@lvfashion.be\" target=\"_blank\" rel=\"noopener\">tine@lvfashion.be<\/a><\/p>\n<p>MAGIC DESIGN: Mabel Knops &#8211; 089\/73.02.40 &#8211;\u00a0<a href=\"mailto:mabel@magicbyfreddy.com\" target=\"_blank\" rel=\"noopener\">mabel@magicbyfreddy.com<\/a><\/p>\n<p>MARCEL LIEBAERT (RECTOVERSO): Mathieu Liebaert &#8211; 09\/386.11.45 &#8211;\u00a0<a href=\"mailto:mathieu.liebaert@liebaert.be\" target=\"_blank\" rel=\"noopener\">mathieu.liebaert@liebaert.be<\/a><\/p>\n<p>MARYLISE &amp; REMBO FASHION GROUP (MRFG): Cedric De Vlieger &#8211; 03\/260.60.70 &#8211;\u00a0<a href=\"mailto:cedric@mrfg.be\" target=\"_blank\" rel=\"noopener\">cedric@mrfg.be<\/a><\/p>\n<p>ONI ONIK FASHION CREATIONS: Jan Jr. Vanhoutte &#8211; 051\/23.29.39 &#8211;\u00a0<a href=\"mailto:jan@oni-onik.be\" target=\"_blank\" rel=\"noopener\">jan@oni-onik.be<\/a><\/p>\n<p>P.C.P.-SEYMOUR: Fr\u00e9d\u00e9ric Verbeke &#8211; 02\/218.02.71 &#8211;\u00a0<a href=\"mailto:frederic@pcp-seymour.be\" target=\"_blank\" rel=\"noopener\">frederic@pcp-seymour.be<\/a><\/p>\n<p>PLUMKA: Jacques Flachs &#8211; 02\/383.03.30 &#8211;\u00a0<a href=\"mailto:nathalie.flachs@plumka.com\" target=\"_blank\" rel=\"noopener\">info@plumka.com<\/a><\/p>\n<p>SEYNTEX: Pol Speleers &#8211; 051\/42.37.11 &#8211;\u00a0<a href=\"mailto:psp@seyntex.com\" target=\"_blank\" rel=\"noopener\">psp@seyntex.com<\/a><\/p>\n<p>SIOEN: Bart Vervaecke &#8211; 051\/74.08.00 &#8211;\u00a0<a href=\"mailto:bart.vervaecke@sioen.be\" target=\"_blank\" rel=\"noopener\">bart.vervaecke@sioen.be<\/a><\/p>\n<p>SLABBINCK KUNSTATELIERS: Mirabel Slabbinck &#8211; 050\/31.25.57 &#8211;\u00a0<a href=\"mailto:mirabel@slabbinck.be\" target=\"_blank\" rel=\"noopener\">mirabel@slabbinck.be<\/a><\/p>\n<p>SYMO:Pierre Christiaens: 050\/32.07.95 &#8211;\u00a0<a href=\"mailto:christiaens@symoparasols.com\" target=\"_blank\" rel=\"noopener\">christiaens@symoparasols.com<\/a><\/p>\n<p>THE WOODY GROUP: Steven Van De Velde &#8211;\u00a009\/217.00.89 &#8211;\u00a0<a href=\"mailto:Steven.VanDeVelde@thewoodygroup.com\" target=\"_blank\" rel=\"noopener\">Steven.VanDeVelde@thewoodygroup.com<\/a><\/p>\n<p>TONICKX: Tony Van Wijnsberghe &#8211; 056\/73.71.71 &#8211;\u00a0<a href=\"mailto:tony@tonickx.com\" target=\"_blank\" rel=\"noopener\">tony@tonickx.com<\/a><\/p>\n<p>TURNICON: Abel T.R. Abeln &#8211; 014\/47.10.80 &#8211;\u00a0<a href=\"mailto:abel.abeln@turnicon.be\" target=\"_blank\" rel=\"noopener\">abel.abeln@turnicon.be<\/a><\/p>\n<p>VANBOCKRYCK: Yvan Vanbockryck &#8211; 0475\/44.11.19 &#8211;\u00a0<a href=\"mailto:yvan.vanbockryck@outlook.com\" target=\"_blank\" rel=\"noopener\">yvan.vanbockryck@outlook.com<\/a><\/p>\n<p>VAN DE VELDE (MARIE JO &amp; PRIMA DONNA) :\u00a0 Marleen Vaesen &#8211; 09\/365.21.00 &#8211;\u00a0<a href=\"mailto:marleen.vaesen@vandevelde.eu\" target=\"_blank\" rel=\"noopener\">marleen.vaesen@vandevelde.eu<\/a>\u00a0<em>(production exclusive pour les h\u00f4pitaux)<\/em><\/p>\n<p>VAN HERCK: Anne-Lore Van Herck\u00a0 &#8211; 014\/58.84.80 &#8211;\u00a0<a href=\"mailto:info@van-herck.be\" target=\"_blank\" rel=\"noopener\">info@van-herck.be<\/a><\/p>\n<p>VAN HEURCK: Dries Van Heurck &#8211; 03\/321.21.0 &#8211;\u00a0<a href=\"mailto:driesvh@vanheurck.com\" target=\"_blank\" rel=\"noopener\">driesvh@vanheurck.com<\/a><\/p>\n<p>VAN MOER: Steve Asselberghs\u00a0&#8211; 015\/22.20.41 &#8211;\u00a0<a href=\"mailto:k.vanriel@vanmoer.be\" target=\"_blank\" rel=\"noopener\">s.asselberghs@vanmoer.be<\/a><\/p>\n<p>V.R. EMBROIDERY (JUST IN CASE): Steven Van Roy &#8211; 053\/66.72.05 &#8211;\u00a0<a href=\"mailto:stevenvr@vrem.be\" target=\"_blank\" rel=\"noopener\">stevenvr@vrem.be<\/a><\/p>\n<p>WAELKENS: David Waelkens &#8211; 056\/66.60.73 &#8211;\u00a0<a href=\"mailto:david.waelkens@waelkens.be\" target=\"_blank\" rel=\"noopener\">david.waelkens@waelkens.be<\/a><\/p>\n<p>T\u00e9l\u00e9chargez\u00a0<strong><a href=\"https:\/\/www.creamoda.be\/images\/Bibliotheek\/Nieuwsberichten\/Creamoda_-_Apercu_societes_masques_14052020.pdf\">ici<\/a><\/strong>\u00a0\u00a0l&#8217;aper\u00e7u en format pdf.<\/p>\n<p>Creamoda int\u00e9grera cet aper\u00e7u dans sa communication avec les partenaires et les instances gouvernementales et dans les demandes externes de production de masques.<\/p>\n<p>Si l&#8217;un de nos membres souhaite \u00eatre ajout\u00e9 \u00e0 cet aper\u00e7u, il suffit d&#8217;envoyer un mail \u00e0\u00a0<a href=\"mailto:luyckx@creamoda.be.\" target=\"_blank\" rel=\"noopener\">luyckx@creamoda.be<\/a>\u00a0avec le nom de votre soci\u00e9t\u00e9, la personne de contact, le num\u00e9ro de t\u00e9l\u00e9phone et l&#8217;adresse mail<\/p>\n","protected":false},"excerpt":{"rendered":"<p>\u00a0\u00a0\u00a0\u00a0APERCU DES ENTREPRISES BELGES Creamoda a r\u00e9alis\u00e9 un aper\u00e7u de ses membres, entreprises belges qui peuvent offrir\u00a0des masques artisanaux et des masques &#8220;community\u00bb. Il s&#8217;agit d&#8217;une liste d&#8217;entreprises avec leurs coordonn\u00e9es.\u00a0Il vous est possible de les contacter pour obtenir de plus amples informations concernant l&#8217;offre exacte, les quantit\u00e9s, le d\u00e9lai de livraison et le prix. [&hellip;]<\/p>\n","protected":false},"author":1,"featured_media":8974,"comment_status":"closed","ping_status":"closed","sticky":false,"template":"","format":"standard","meta":{"_acf_changed":false,"inline_featured_image":false,"footnotes":""},"categories":[],"tags":[],"class_list":["post-11373","post","type-post","status-publish","format-standard","has-post-thumbnail","hentry"],"acf":[],"_links":{"self":[{"href":"https:\/\/www.creamoda.be\/fr\/wp-json\/wp\/v2\/posts\/11373","targetHints":{"allow":["GET"]}}],"collection":[{"href":"https:\/\/www.creamoda.be\/fr\/wp-json\/wp\/v2\/posts"}],"about":[{"href":"https:\/\/www.creamoda.be\/fr\/wp-json\/wp\/v2\/types\/post"}],"author":[{"embeddable":true,"href":"https:\/\/www.creamoda.be\/fr\/wp-json\/wp\/v2\/users\/1"}],"replies":[{"embeddable":true,"href":"https:\/\/www.creamoda.be\/fr\/wp-json\/wp\/v2\/comments?post=11373"}],"version-history":[{"count":1,"href":"https:\/\/www.creamoda.be\/fr\/wp-json\/wp\/v2\/posts\/11373\/revisions"}],"predecessor-version":[{"id":11374,"href":"https:\/\/www.creamoda.be\/fr\/wp-json\/wp\/v2\/posts\/11373\/revisions\/11374"}],"wp:featuredmedia":[{"embeddable":true,"href":"https:\/\/www.creamoda.be\/fr\/wp-json\/wp\/v2\/media\/8974"}],"wp:attachment":[{"href":"https:\/\/www.creamoda.be\/fr\/wp-json\/wp\/v2\/media?parent=11373"}],"wp:term":[{"taxonomy":"category","embeddable":true,"href":"https:\/\/www.creamoda.be\/fr\/wp-json\/wp\/v2\/categories?post=11373"},{"taxonomy":"post_tag","embeddable":true,"href":"https:\/\/www.creamoda.be\/fr\/wp-json\/wp\/v2\/tags?post=11373"}],"curies":[{"name":"wp","href":"https:\/\/api.w.org\/{rel}","templated":true}]}}