{"id":11358,"date":"2021-11-24T00:22:57","date_gmt":"2021-11-23T22:22:57","guid":{"rendered":"https:\/\/www.creamoda.be\/toutes-les-nouvelles\/459-29-mode-en-mama-influencers-steken-zo-n-50-belgische-modemerken-een-hart-onder-de-riem-tijdens-de-ikkoopbelgisch-insta-story-week-van-8-14-juni\/"},"modified":"2021-12-01T00:15:51","modified_gmt":"2021-11-30T22:15:51","slug":"459-29-influenceuses-mode-et-mamans-donneront-un-coup-de-pouce-a-une-cinquantaine-de-marques-de-mode-belge-pendant-l-action-jachetebelge-insta-story-week-du-8-au-14-juin","status":"publish","type":"post","link":"https:\/\/www.creamoda.be\/fr\/459-29-influenceuses-mode-et-mamans-donneront-un-coup-de-pouce-a-une-cinquantaine-de-marques-de-mode-belge-pendant-l-action-jachetebelge-insta-story-week-du-8-au-14-juin","title":{"rendered":"29 influenceuses mode et mamans donneront un coup de pouce \u00e0 une cinquantaine de marques de mode belge pendant l\u2019action #jachetebelge Insta Story Week du 8 au 14 juin."},"content":{"rendered":"<p><strong>Zellik, 06 juin 2020 \u2013 Pendant la semaine du 8 au 14 juin, Creamoda, la f\u00e9d\u00e9ration de la mode belge, organise l\u2019action \u2019#jachetebelge Insta Story Week\u2019, en collaboration avec 29 influenceuses mode et mamans. La f\u00e9d\u00e9ration met ainsi en avant une cinquantaine de marques de mode belge, dans une p\u00e9riode o\u00f9 #jachete belge et #acheterlocal sont plus que jamais d&#8217;actualit\u00e9. &#8220;Les moments sp\u00e9ciaux cr\u00e9ent souvent des opportunit\u00e9s sp\u00e9ciales. Tant pendant la fermeture obligatoire qu&#8217;apr\u00e8s la r\u00e9ouverture du secteur de la mode, nous constatons que l&#8217;appel \u00e0 acheter local et belge est de plus en plus fort&#8221;, d\u00e9clare Wendy Luyckx, responsable de la communication chez Creamoda.<\/strong><\/p>\n<p>Creamoda avait d\u00e9j\u00e0 lanc\u00e9 un appel pendant la crise du coronavirus pour continuer \u00e0 croire en la mode belge et au bel ensemble de petites et grandes marques de mode que notre pays a \u00e0 offrir. La crise a un impact \u00e9conomique et \u00e9motionnel \u00e9norme sur la totalit\u00e9 du secteur de la mode belge, sur les marques et sur les magasins. Ceux-ci ont ferm\u00e9 leurs portes le 18 mars, provoquant un arr\u00eat complet des ventes.\u00a0 Seules les ventes en ligne ont pu r\u00e9sister.<\/p>\n<p>Le 11 mai, apr\u00e8s presque deux mois de lockdown, les marques ont enfin pu rouvrir leurs propres magasins ainsi que les boutiques multimarques. Cela s&#8217;est d\u00e9roul\u00e9 dans le calme et selon les attentes, g\u00e9n\u00e9ralement sur rendez-vous, et conform\u00e9ment aux mesures coronavirus demand\u00e9es. Les ventes \u00e9voluent dans la bonne direction, mais tout soutien et toute visibilit\u00e9 sont n\u00e9cessaires pour \u00e9valuer cette saison comme \u00e9tant &#8220;positive&#8221;.<\/p>\n<p><strong>Action #jachetebelge Insta Story Week: reconnaissance pour tant de solidarit\u00e9<\/strong><\/p>\n<p>Pour soutenir les marques belges, Creamoda lance l\u2019action #jachetebelge Insta Story Week, au cours de laquelle plusieurs\u00a0<strong>influenceuses mode et mamans populaires<\/strong>\u00a0donnent de la visibilit\u00e9 aux marques de mode belge et encouragent de cette mani\u00e8re le secteur.\u00a0 Ce sont des temps difficiles pour tout le monde. Et pour beaucoup d&#8217;influenceuses, cette p\u00e9riode est aussi un d\u00e9fi car elles doivent chercher de nouvelles opportunit\u00e9s. De nombreuses missions sont tomb\u00e9es \u00e0 l&#8217;eau, ce qui a rendu la t\u00e2che difficile pour elles aussi.<\/p>\n<p>&#8220;Nous sommes extr\u00eamement reconnaissants de voir le soutien et l&#8217;enthousiasme des influenceuses lors de la pr\u00e9paration de cette campagne. Chacune d&#8217;entre elles partagera ses look belges pr\u00e9f\u00e9r\u00e9s pendant la #jachetebelge Insta Story Week, ainsi que celui des enfants et, dans certains cas, de leur partenaire. Tout ceci se fera par le biais de stories et\/ou par un post instagram dans leur feed.<\/p>\n<p>Pendant cette semaine, nous toucherons au total environ\u00a0<strong>2,8 millions de personnes<\/strong>\u00a0gr\u00e2ce \u00e0 cette \u00e9quipe d&#8217;influenceuses professionnelles. Par cons\u00e9quent, nous sommes fiers de pouvoir ainsi mettre \u00e0 l\u2019honneur une cinquantaine de marques belges pour dames, hommes et enfants&#8221;, d\u00e9clare Wendy Luyckx, responsable de la communication chez Creamoda.<\/p>\n<p>&#8220;L&#8217;ensemble des marques auxquelles nous donnons de la visibilit\u00e9 pendant la campagne est tr\u00e8s vari\u00e9. Cela concerne aussi bien le pr\u00eat-\u00e0-porter dames et hommes, le homewear, le nightwear, la lingerie que les marques pour enfants. Certaines marques sont plus tendances et sont donc plus souvent s\u00e9lectionn\u00e9es par les influenceuses que d\u2019autres petites marques moins populaires.\u00a0 Les marques ont choisi \u00e0 leur tour parmi les influenceuses celles qui semblaient le mieux leur correspondre. Toutes les marques re\u00e7oivent de la visibilit\u00e9 pendant la campagne, via une ou plusieurs influenceuses et par les activit\u00e9s sur les m\u00e9dias sociaux de Creamoda&#8221;, poursuit Wendy Luyckx.<\/p>\n<p>&#8220;Les m\u00e9dias sociaux jouent un r\u00f4le important dans notre secteur, mais ces r\u00e9seaux sont devenus encore plus pertinents pendant cette p\u00e9riode du coronavirus. Un r\u00e9seau social comme Instagram est un instrument important pour maintenir la communication avec les clients et mettre les collections en valeur&#8221;, souligne Wendy Luyckx. &#8220;Et pouvoir le faire gr\u00e2ce \u00e0 un ensemble d&#8217;influenceuses de qualit\u00e9 est un moyen parfait de mettre en avant \u00e0 la fois la marque et l&#8217;influenceuse&#8221;.<\/p>\n<p><strong>Deuxi\u00e8me \u00e9dition de la Semaine de la Mode belge, 12-18 octobre 2020<\/strong><\/p>\n<p>La #JAB Insta Story Week n&#8217;est que le d\u00e9but d&#8217;une p\u00e9riode o\u00f9 nous mettons la mode belge sous le feu des projecteurs. Le secteur travaille dur et de nombreuses activit\u00e9s et collaborations seront sur la table dans les semaines et les mois \u00e0 venir. &#8220;La Belgitude se d\u00e9veloppe et les consommateurs sont plus conscients de ce qu&#8217;ils ach\u00e8tent et surtout de l&#8217;endroit o\u00f9 ils ach\u00e8tent leurs v\u00eatements. Plus que jamais, ils trouvent le service des commer\u00e7ants important, ils appr\u00e9cient leurs gammes diversifi\u00e9es et sont fiers de porter la mode belge.\u00a0 La #JAB Instagram Story Week est donc un bon pr\u00e9ambule \u00e0 la deuxi\u00e8me \u00e9dition de la Semaine de la Mode belge, une initiative de Creamoda et de Mode Unie, qui aura lieu du 12 au 18 octobre&#8221;, souligne Wendy Luyckx.<\/p>\n<p>\u201cCette semaine vise \u00e0 sensibiliser les consommateurs aux avantages d&#8217;acheter de la mode belge et aux atouts de faire du shopping dans un magasin de mode local. Apr\u00e8s le succ\u00e8s de la premi\u00e8re \u00e9dition, avec la participation de\u00a0<strong>850 points de vente<\/strong>\u00a0et\u00a0<strong>65 marques de mode<\/strong>, nous sommes convaincus\u00a0que cette deuxi\u00e8me \u00e9dition sera plus r\u00e9ussie encore et trouvera davantage de r\u00e9sonance aupr\u00e8s des consommateurs et des m\u00e9dias, conclut Wendy Luyckx.<\/p>\n<p>&#8211;\u00a0 Fin \u00a0&#8211;<\/p>\n<p><strong>Note pour la r\u00e9daction :<\/strong><\/p>\n<p>Cfr.\u00a0<a href=\"https:\/\/www.creamoda.be\/images\/Bibliotheek\/Persberichten\/Ikkoopbelgisch_-_jachetebelge_Insta_Story_Week_-_overview_brands-influencers.pdf\">annexe<\/a>\u00a0pour l\u2019aper\u00e7u des influenceuses \u00a0&amp; marques de mode belge<\/p>\n<p><strong>A propos de Creamoda\u00a0:\u00a0<\/strong>Creamoda est la f\u00e9d\u00e9ration belge de la mode pour les marques de mode et les fabricants de v\u00eatements.\u00a0&#8211;\u00a0<a href=\"https:\/\/eur02.safelinks.protection.outlook.com\/?url=http%3A%2F%2Fwww.www.creamoda.be%2F&amp;data=02%7C01%7Cgarot%40www.creamoda.be%7Cda7cf0d4572c4d2a8ae108d8059a2e0d%7C2493ac83a23747f6806e4ca64815fed6%7C0%7C0%7C637265507036097860&amp;sdata=2Wopqu7Fo6mKuMI0R4JBLJp03Bizd15HJeNczLnzvJg%3D&amp;reserved=0\" target=\"_blank\" rel=\"noopener\"><strong>www.www.creamoda.be<\/strong><\/a><\/p>\n<p><strong>Plus d\u2019infos<\/strong>\u00a0: Wendy Luyckx \u2013 responsable communication:\u00a0<a href=\"tel:0476\/99%2090%2057\" target=\"_blank\" rel=\"noopener\">0476\/99 90 57<\/a>\u00a0&#8211;\u00a0<a href=\"mailto:luyckx@creamoda.be\" target=\"_blank\" rel=\"noopener\">luyckx@creamoda.be<\/a><\/p>\n","protected":false},"excerpt":{"rendered":"<p>Zellik, 06 juin 2020 \u2013 Pendant la semaine du 8 au 14 juin, Creamoda, la f\u00e9d\u00e9ration de la mode belge, organise l\u2019action \u2019#jachetebelge Insta Story Week\u2019, en collaboration avec 29 influenceuses mode et mamans. La f\u00e9d\u00e9ration met ainsi en avant une cinquantaine de marques de mode belge, dans une p\u00e9riode o\u00f9 #jachete belge et #acheterlocal [&hellip;]<\/p>\n","protected":false},"author":1,"featured_media":8873,"comment_status":"closed","ping_status":"closed","sticky":false,"template":"","format":"standard","meta":{"_acf_changed":false,"inline_featured_image":false,"footnotes":""},"categories":[],"tags":[],"class_list":["post-11358","post","type-post","status-publish","format-standard","has-post-thumbnail","hentry"],"acf":[],"_links":{"self":[{"href":"https:\/\/www.creamoda.be\/fr\/wp-json\/wp\/v2\/posts\/11358","targetHints":{"allow":["GET"]}}],"collection":[{"href":"https:\/\/www.creamoda.be\/fr\/wp-json\/wp\/v2\/posts"}],"about":[{"href":"https:\/\/www.creamoda.be\/fr\/wp-json\/wp\/v2\/types\/post"}],"author":[{"embeddable":true,"href":"https:\/\/www.creamoda.be\/fr\/wp-json\/wp\/v2\/users\/1"}],"replies":[{"embeddable":true,"href":"https:\/\/www.creamoda.be\/fr\/wp-json\/wp\/v2\/comments?post=11358"}],"version-history":[{"count":1,"href":"https:\/\/www.creamoda.be\/fr\/wp-json\/wp\/v2\/posts\/11358\/revisions"}],"predecessor-version":[{"id":11359,"href":"https:\/\/www.creamoda.be\/fr\/wp-json\/wp\/v2\/posts\/11358\/revisions\/11359"}],"wp:featuredmedia":[{"embeddable":true,"href":"https:\/\/www.creamoda.be\/fr\/wp-json\/wp\/v2\/media\/8873"}],"wp:attachment":[{"href":"https:\/\/www.creamoda.be\/fr\/wp-json\/wp\/v2\/media?parent=11358"}],"wp:term":[{"taxonomy":"category","embeddable":true,"href":"https:\/\/www.creamoda.be\/fr\/wp-json\/wp\/v2\/categories?post=11358"},{"taxonomy":"post_tag","embeddable":true,"href":"https:\/\/www.creamoda.be\/fr\/wp-json\/wp\/v2\/tags?post=11358"}],"curies":[{"name":"wp","href":"https:\/\/api.w.org\/{rel}","templated":true}]}}