{"id":113015,"date":"2025-05-27T11:16:34","date_gmt":"2025-05-27T09:16:34","guid":{"rendered":"https:\/\/www.creamoda.be\/?p=113015"},"modified":"2025-05-27T11:16:34","modified_gmt":"2025-05-27T09:16:34","slug":"united-for-influencers-in-dialogue","status":"publish","type":"post","link":"https:\/\/www.creamoda.be\/fr\/united-for-influencers-in-dialogue","title":{"rendered":"United for Influencers in Dialogue"},"content":{"rendered":"<h2 style=\"text-align: center;\"><span style=\"font-family: arial, helvetica, sans-serif; color: #004b8c;\">United for Influencers in Dialogue<\/span><\/h2>\n<h3 style=\"text-align: center;\"><span style=\"font-family: arial, helvetica, sans-serif; color: #b22222;\">United for Influencers : le secteur unit ses forces pour une meilleure protection, <\/span><br \/>\n<span style=\"font-family: arial, helvetica, sans-serif; color: #b22222;\">professionnalisation et publicit\u00e9 \u00e9thique<\/span><\/h3>\n<p style=\"text-align: justify;\"><span style=\"font-family: arial, helvetica, sans-serif;\">Les cr\u00e9ateurs de contenu sont de plus en plus confront\u00e9s \u00e0 des frustrations dans le paysage des <\/span><span style=\"font-family: arial, helvetica, sans-serif;\">influenceurs. Des directives fragment\u00e9es aux probl\u00e8mes pratiques comme la perte soudaine de <\/span><span style=\"font-family: arial, helvetica, sans-serif;\">comptes et un manque de soutien professionnel, entra\u00eenant une perte de confiance des <\/span><span style=\"font-family: arial, helvetica, sans-serif;\">consommateurs : les d\u00e9fis s&#8217;accumulent. Le secteur a \u00e9cout\u00e9 et a d\u00e9cid\u00e9 d&#8217;agir pour une meilleure <\/span><span style=\"font-family: arial, helvetica, sans-serif;\">protection des consommateurs.<\/span><\/p>\n<p style=\"text-align: justify;\"><span style=\"font-family: arial, helvetica, sans-serif;\">\u00c0 l&#8217;initiative de l&#8217;Influencer Marketing Alliance et du Conseil de la Publicit\u00e9, les organisations <\/span><span style=\"font-family: arial, helvetica, sans-serif;\">sectorielles IMA, FeWeb et le Conseil de la Publicit\u00e9, ainsi que ses membres ACC, BAM, UBA, UMA <\/span><span style=\"font-family: arial, helvetica, sans-serif;\">et JEP, se sont unis dans le collectif belge &#8220;United for Influencers&#8221;. Leur objectif ? Travailler <\/span><span style=\"font-family: arial, helvetica, sans-serif;\">ensemble \u00e0 une meilleure protection et \u00e0 une plus grande professionnalisation pour tous les <\/span><span style=\"font-family: arial, helvetica, sans-serif;\">acteurs du monde des influenceurs. <\/span><\/p>\n<p style=\"text-align: justify;\"><span style=\"font-family: arial, helvetica, sans-serif;\">Le 10 juin, United for Influencers organise donc un \u00e9v\u00e9nement o\u00f9 tous les acteurs du secteur \u2014 <\/span><span style=\"font-family: arial, helvetica, sans-serif;\">des cr\u00e9ateurs, marques et agences aux plateformes et d\u00e9cideurs politiques \u2014 se r\u00e9unissent pour <\/span><span style=\"font-family: arial, helvetica, sans-serif;\">dialoguer. Durant cet \u00e9v\u00e9nement, un aper\u00e7u du Certificat d&#8217;Influenceur sera \u00e9galement partag\u00e9, <\/span><span style=\"font-family: arial, helvetica, sans-serif;\">que ces organisations sectorielles lanceront en septembre avec le soutien de l&#8217;EASA.<\/span><\/p>\n<p style=\"text-align: justify;\"><strong><span style=\"font-family: arial, helvetica, sans-serif; color: #004b8c;\">United for Influencers in Dialogue : deux tables rondes, une mission<\/span><\/strong><br \/>\n<span style=\"font-family: arial, helvetica, sans-serif;\">Pas de pr\u00e9sentations ennuyeuses ni de discours vagues, mais deux conversations passionnantes o\u00f9 <\/span><span style=\"font-family: arial, helvetica, sans-serif;\">nous voulons avancer ensemble. Nous nous mettons \u00e0 table avec des personnes qui savent de quoi <\/span><span style=\"font-family: arial, helvetica, sans-serif;\">elles parlent, et surtout qui veulent du changement.<\/span><\/p>\n<p style=\"text-align: justify;\"><em><span style=\"font-family: arial, helvetica, sans-serif;\">Table Ronde 1 | Fragmentation du paysage : multiples ensembles de directives <\/span><\/em><br \/>\n<span style=\"font-family: arial, helvetica, sans-serif;\">Comment assurer la clart\u00e9 pour les cr\u00e9ateurs ? Nous r\u00e9unissons des cr\u00e9ateurs avec des d\u00e9cideurs <\/span><span style=\"font-family: arial, helvetica, sans-serif;\">politiques, des juristes et des organisations sectorielles pour dialoguer sur les r\u00e8gles, les <\/span><span style=\"font-family: arial, helvetica, sans-serif;\">responsabilit\u00e9s et comment mieux informer et sensibiliser les cr\u00e9ateurs.<\/span><\/p>\n<p style=\"text-align: justify;\"><em><span style=\"font-family: arial, helvetica, sans-serif;\">Table Ronde 2 | Mieux travailler ensemble <\/span><\/em><br \/>\n<span style=\"font-family: arial, helvetica, sans-serif;\">Comment les cr\u00e9ateurs, marques, agences et plateformes peuvent-ils mieux collaborer ? Nous <\/span><span style=\"font-family: arial, helvetica, sans-serif;\">mettons sur la table des cas concrets : des briefings vagues et des comptes perdus aux campagnes <\/span><span style=\"font-family: arial, helvetica, sans-serif;\">r\u00e9ussies o\u00f9 tout a &#8220;cliqu\u00e9&#8221;. Cette conversation se concentre sur ce qui peut \u00eatre am\u00e9lior\u00e9 et sur ce <\/span><span style=\"font-family: arial, helvetica, sans-serif;\">qui fonctionne d\u00e9j\u00e0 bien.<\/span><\/p>\n<p><strong><span style=\"font-family: arial, helvetica, sans-serif; color: #004b8c;\">Aper\u00e7u exclusif : le Certificat d&#8217;Influenceur<\/span><\/strong><br \/>\n<span style=\"font-family: arial, helvetica, sans-serif;\">Pendant l&#8217;\u00e9v\u00e9nement, nous donnerons \u00e9galement un premier aper\u00e7u exclusif du tout nouveau <\/span><span style=\"font-family: arial, helvetica, sans-serif;\">Certificat d&#8217;Influenceur, qui sera lanc\u00e9 en septembre 2025. L&#8217;objectif ? Plus de clart\u00e9, de protection <\/span><span style=\"font-family: arial, helvetica, sans-serif;\">et de reconnaissance pour tous dans le secteur. \u00c0 ne pas manquer !<\/span><\/p>\n<p><span style=\"font-family: arial, helvetica, sans-serif;\"><span style=\"font-size: 14pt;\"><strong><span style=\"color: #b22222;\">Informations pratiques<\/span> <\/strong><\/span>\ufffd 10 juin 2025 \ufffd 13h00 \u2013 16h30<\/span><\/p>\n<ul>\n<li><span style=\"font-family: arial, helvetica, sans-serif; color: #004b8c;\">13h00 &#8211; 13h30 : Accueil &amp; arriv\u00e9e<\/span><\/li>\n<li><span style=\"font-family: arial, helvetica, sans-serif; color: #004b8c;\">13h30 &#8211; 13h45 : Discours d&#8217;ouverture<\/span><\/li>\n<li><span style=\"font-family: arial, helvetica, sans-serif; color: #004b8c;\">13h45 &#8211; 15h20 : Discussions de table ronde<\/span><\/li>\n<li><span style=\"font-family: arial, helvetica, sans-serif; color: #004b8c;\">15h20 &#8211; 15h45 : Aper\u00e7u du Certificat d&#8217;Influenceur<\/span><\/li>\n<li><span style=\"font-family: arial, helvetica, sans-serif; color: #004b8c;\">15h45 &#8211; 16h00 : Cl\u00f4ture &amp; points cl\u00e9s \u00e0 retenir<\/span><\/li>\n<li><span style=\"font-family: arial, helvetica, sans-serif; color: #004b8c;\">16h00 &#8211; 16h30 : Discussions post-\u00e9v\u00e9nement<\/span><\/li>\n<\/ul>\n<p><span style=\"font-family: arial, helvetica, sans-serif;\">Mix Brussels \ufffd Entr\u00e9e gratuite (mais les places sont limit\u00e9es !)<\/span><\/p>\n<p><span style=\"font-family: arial, helvetica, sans-serif;\">L&#8217;inscription est possible via ce <span style=\"color: #0000ff;\"><a style=\"color: #0000ff;\" href=\"https:\/\/www.influencermarketingalliance.be\/fr\/page\/598\/471\/meetup-united-for-influencers-in-dialogue\">lien<\/a><\/span><\/span><\/p>\n<p><span style=\"font-family: arial, helvetica, sans-serif;\">Pas encore fini de discuter ? N&#8217;h\u00e9sitez pas \u00e0 rester pour les Stellar Influence Talks qui commencent <\/span><br \/>\n<span style=\"font-family: arial, helvetica, sans-serif;\">juste apr\u00e8s. En tant que participant \u00e0 United for Influencers in Dialogue, vous b\u00e9n\u00e9ficiez \u00e9galement <\/span><br \/>\n<span style=\"font-family: arial, helvetica, sans-serif;\">d&#8217;une belle r\u00e9duction sur votre billet. <\/span><\/p>\n<p><span style=\"font-family: arial, helvetica, sans-serif;\">Organis\u00e9 par l&#8217;Influencer Marketing Alliance et le Conseil de la Publicit\u00e9, en collaboration avec <\/span><br \/>\n<span style=\"font-family: arial, helvetica, sans-serif;\">FeWeb, UBA, ACC, BAM, UMA et JEP, et avec le soutien de l&#8217;EASA. <\/span><\/p>\n<p><span style=\"font-family: arial, helvetica, sans-serif;\"><strong><span style=\"color: #b22222; font-size: 14pt;\">Contact <\/span><\/strong>Pour toute question concernant ce communiqu\u00e9 de presse : <\/span><br \/>\n<span style=\"font-family: arial, helvetica, sans-serif;\">\u25aa Influencer Marketing Alliance: Kel Wouters | +32 485 53 50 60 <\/span><br \/>\n<span style=\"font-family: arial, helvetica, sans-serif;\">\u25aa Raad voor Reclame: Magali Herssens | +32485241961 en Any Courbet | +32477347626<\/span><\/p>\n","protected":false},"excerpt":{"rendered":"<p>United for Influencers in Dialogue United for Influencers : le secteur unit ses forces pour une meilleure protection, professionnalisation et publicit\u00e9 \u00e9thique Les cr\u00e9ateurs de contenu sont de plus en plus confront\u00e9s \u00e0 des frustrations dans le paysage des influenceurs. Des directives fragment\u00e9es aux probl\u00e8mes pratiques comme la perte soudaine de comptes et un manque [&hellip;]<\/p>\n","protected":false},"author":68,"featured_media":113012,"comment_status":"closed","ping_status":"closed","sticky":false,"template":"","format":"standard","meta":{"_acf_changed":false,"inline_featured_image":false,"footnotes":""},"categories":[172,187],"tags":[],"class_list":["post-113015","post","type-post","status-publish","format-standard","has-post-thumbnail","hentry","category-toutes-les-nouvelles","category-communiques-de-presse"],"acf":[],"_links":{"self":[{"href":"https:\/\/www.creamoda.be\/fr\/wp-json\/wp\/v2\/posts\/113015","targetHints":{"allow":["GET"]}}],"collection":[{"href":"https:\/\/www.creamoda.be\/fr\/wp-json\/wp\/v2\/posts"}],"about":[{"href":"https:\/\/www.creamoda.be\/fr\/wp-json\/wp\/v2\/types\/post"}],"author":[{"embeddable":true,"href":"https:\/\/www.creamoda.be\/fr\/wp-json\/wp\/v2\/users\/68"}],"replies":[{"embeddable":true,"href":"https:\/\/www.creamoda.be\/fr\/wp-json\/wp\/v2\/comments?post=113015"}],"version-history":[{"count":1,"href":"https:\/\/www.creamoda.be\/fr\/wp-json\/wp\/v2\/posts\/113015\/revisions"}],"predecessor-version":[{"id":113016,"href":"https:\/\/www.creamoda.be\/fr\/wp-json\/wp\/v2\/posts\/113015\/revisions\/113016"}],"wp:featuredmedia":[{"embeddable":true,"href":"https:\/\/www.creamoda.be\/fr\/wp-json\/wp\/v2\/media\/113012"}],"wp:attachment":[{"href":"https:\/\/www.creamoda.be\/fr\/wp-json\/wp\/v2\/media?parent=113015"}],"wp:term":[{"taxonomy":"category","embeddable":true,"href":"https:\/\/www.creamoda.be\/fr\/wp-json\/wp\/v2\/categories?post=113015"},{"taxonomy":"post_tag","embeddable":true,"href":"https:\/\/www.creamoda.be\/fr\/wp-json\/wp\/v2\/tags?post=113015"}],"curies":[{"name":"wp","href":"https:\/\/api.w.org\/{rel}","templated":true}]}}