{"id":110154,"date":"2025-04-29T12:44:26","date_gmt":"2025-04-29T10:44:26","guid":{"rendered":"https:\/\/www.creamoda.be\/?p=110154"},"modified":"2025-04-29T12:44:26","modified_gmt":"2025-04-29T10:44:26","slug":"la-ce-a-publie-son-premier-plan-de-travail-espr","status":"publish","type":"post","link":"https:\/\/www.creamoda.be\/fr\/la-ce-a-publie-son-premier-plan-de-travail-espr","title":{"rendered":"La CE a publi\u00e9 son premier plan de travail dans le cadre de l&#8217;ESPR"},"content":{"rendered":"<h2 style=\"text-align: center;\"><span style=\"font-family: arial, helvetica, sans-serif; color: #004b8c;\">La CE a publi\u00e9 son premier plan de travail<\/span><\/h2>\n<h2 style=\"text-align: center;\"><span style=\"font-family: arial, helvetica, sans-serif; color: #004b8c;\"> dans le cadre de l&#8217;ESPR<\/span><\/h2>\n<p style=\"text-align: justify;\"><span style=\"font-family: arial, helvetica, sans-serif;\">16\/04\/2025 : La Commission europ\u00e9enne a publi\u00e9 le premier plan de travail dans le cadre du r\u00e8glement sur l&#8217;\u00e9coconception des produits durables (ESPR) qui d\u00e9finit les groupes de produits prioritaires pour les 3 \u00e0 5 prochaines ann\u00e9es.<\/span><\/p>\n<p style=\"text-align: justify;\"><span style=\"font-family: arial, helvetica, sans-serif;\">Plan de travail: <span style=\"color: #0000ff;\"><a style=\"color: #0000ff;\" href=\"https:\/\/environment.ec.europa.eu\/document\/download\/5f7ff5e2-ebe9-4bd4-a139-db881bd6398f_en?filename=FAQ-UPDATE-4th-Iteration_clean.pdf\">5f7ff5e2-ebe9-4bd4-a139-db881bd6398f_en<\/a><\/span><\/span><\/p>\n<p style=\"text-align: justify;\"><span style=\"font-family: arial, helvetica, sans-serif;\">Communiqu\u00e9 de presse: <a href=\"https:\/\/ec.europa.eu\/commission\/presscorner\/detail\/en\/ip_25_1071\">Commission rolls out plan to boost circular and <span style=\"color: #0000ff;\">efficient<\/span> products in the EU<\/a><\/span><\/p>\n<p style=\"text-align: justify;\"><span style=\"font-family: arial, helvetica, sans-serif;\">Le document d\u00e9crit le r\u00e8glement sur l&#8217;\u00e9coconception des produits durables (ESPR) et son plan de travail pour 2025-2030. Cette initiative est une \u00e9tape importante dans la strat\u00e9gie plus large de l&#8217;UE visant \u00e0 promouvoir une \u00e9conomie circulaire et \u00e0 r\u00e9duire l&#8217;impact environnemental des produits tout au long de leur cycle de vie.<\/span><\/p>\n<ul>\n<li><span style=\"font-family: arial, helvetica, sans-serif;\"><span style=\"color: #004b8c;\"><strong>Cat\u00e9gories de produits prioritaires<\/strong><\/span> : produits finis (y compris les textiles\/habillement, mais aussi les matelas) et produits interm\u00e9diaires. Les chaussures n&#8217;ont donc pas \u00e9t\u00e9 d\u00e9finies comme produits prioritaires dans ce premier plan.<\/span><\/li>\n<li><span style=\"font-family: arial, helvetica, sans-serif;\"><span style=\"color: #004b8c;\"><strong>Mise en \u0153uvre<\/strong><\/span> tenant compte de la dimension internationale<\/span><\/li>\n<li><span style=\"font-family: arial, helvetica, sans-serif;\"><span style=\"color: #004b8c;\"><strong>Passeport num\u00e9rique de produits<\/strong><\/span> : Des actes d\u00e9l\u00e9gu\u00e9s sp\u00e9cifiques \u00e0 chaque produit d\u00e9termineront les informations \u00e0 collecter et \u00e0 mettre \u00e0 disposition<\/span><\/li>\n<li><span style=\"font-family: arial, helvetica, sans-serif;\"><span style=\"color: #004b8c;\"><strong>Responsabilisation des consommateurs<\/strong><\/span> : \u00e9tiquettes claires et informatives<\/span><\/li>\n<li><span style=\"font-family: arial, helvetica, sans-serif;\"><span style=\"color: #004b8c;\"><strong>Surveillance du march\u00e9<\/strong><\/span> : coop\u00e9ration entre les Etats membres pour garantir la conformit\u00e9 et l&#8217;efficacit\u00e9.<\/span><\/li>\n<li><span style=\"font-family: arial, helvetica, sans-serif;\"><span style=\"color: #004b8c;\"><strong>Interdiction de la destruction des invendus<\/strong><\/span> : Pas encore mise en \u0153uvre ; en attente des enseignements tir\u00e9s des obligations d&#8217;information.<\/span><\/li>\n<\/ul>\n<p style=\"text-align: center;\"><span style=\"font-family: arial, helvetica, sans-serif;\">Les membres peuvent trouver un texte plus d\u00e9taill\u00e9 et plus complet <span style=\"color: #0000ff;\"><a style=\"color: #0000ff;\" href=\"https:\/\/www.creamoda.be\/login\/?redirect_to=https:\/\/www.creamoda.be\/fr\/bibliotheek_cat\/3-1-espr-general-3-0-ecodesign-for-sustainable-products-regulation-espr-fr\">ici<\/a><\/span>.<\/span><\/p>\n<p style=\"text-align: center;\"><span style=\"font-family: arial, helvetica, sans-serif;\">Pour plus d&#8217;informations sur l&#8217;affiliation, prenez contact avec nous via <span style=\"color: #0000ff;\"><a style=\"color: #0000ff;\" href=\"mailto:luyckx@creamoda.be\">luyckx@creamoda.be<\/a><\/span>.<\/span><\/p>\n","protected":false},"excerpt":{"rendered":"<p>La CE a publi\u00e9 son premier plan de travail dans le cadre de l&#8217;ESPR 16\/04\/2025 : La Commission europ\u00e9enne a publi\u00e9 le premier plan de travail dans le cadre du r\u00e8glement sur l&#8217;\u00e9coconception des produits durables (ESPR) qui d\u00e9finit les groupes de produits prioritaires pour les 3 \u00e0 5 prochaines ann\u00e9es. Plan de travail: 5f7ff5e2-ebe9-4bd4-a139-db881bd6398f_en [&hellip;]<\/p>\n","protected":false},"author":68,"featured_media":86666,"comment_status":"closed","ping_status":"closed","sticky":false,"template":"","format":"standard","meta":{"_acf_changed":false,"inline_featured_image":false,"footnotes":""},"categories":[172,185],"tags":[],"class_list":["post-110154","post","type-post","status-publish","format-standard","has-post-thumbnail","hentry","category-toutes-les-nouvelles","category-actualite"],"acf":[],"_links":{"self":[{"href":"https:\/\/www.creamoda.be\/fr\/wp-json\/wp\/v2\/posts\/110154","targetHints":{"allow":["GET"]}}],"collection":[{"href":"https:\/\/www.creamoda.be\/fr\/wp-json\/wp\/v2\/posts"}],"about":[{"href":"https:\/\/www.creamoda.be\/fr\/wp-json\/wp\/v2\/types\/post"}],"author":[{"embeddable":true,"href":"https:\/\/www.creamoda.be\/fr\/wp-json\/wp\/v2\/users\/68"}],"replies":[{"embeddable":true,"href":"https:\/\/www.creamoda.be\/fr\/wp-json\/wp\/v2\/comments?post=110154"}],"version-history":[{"count":2,"href":"https:\/\/www.creamoda.be\/fr\/wp-json\/wp\/v2\/posts\/110154\/revisions"}],"predecessor-version":[{"id":110159,"href":"https:\/\/www.creamoda.be\/fr\/wp-json\/wp\/v2\/posts\/110154\/revisions\/110159"}],"wp:featuredmedia":[{"embeddable":true,"href":"https:\/\/www.creamoda.be\/fr\/wp-json\/wp\/v2\/media\/86666"}],"wp:attachment":[{"href":"https:\/\/www.creamoda.be\/fr\/wp-json\/wp\/v2\/media?parent=110154"}],"wp:term":[{"taxonomy":"category","embeddable":true,"href":"https:\/\/www.creamoda.be\/fr\/wp-json\/wp\/v2\/categories?post=110154"},{"taxonomy":"post_tag","embeddable":true,"href":"https:\/\/www.creamoda.be\/fr\/wp-json\/wp\/v2\/tags?post=110154"}],"curies":[{"name":"wp","href":"https:\/\/api.w.org\/{rel}","templated":true}]}}