{"id":109959,"date":"2025-04-29T13:02:38","date_gmt":"2025-04-29T11:02:38","guid":{"rendered":"https:\/\/www.creamoda.be\/?p=109959"},"modified":"2025-04-29T13:02:38","modified_gmt":"2025-04-29T11:02:38","slug":"suite-omnibus-et-stop-the-clock-csrd-csdddion-europeenne-publie-une-faq","status":"publish","type":"post","link":"https:\/\/www.creamoda.be\/fr\/suite-omnibus-et-stop-the-clock-csrd-csdddion-europeenne-publie-une-faq","title":{"rendered":"Suite omnibus et \u00ab stop-the-clock \u00bb pour le CSRD et le CSDDD"},"content":{"rendered":"<h2 class=\"Standaard\" style=\"text-align: center;\" align=\"center\"><\/h2>\n<h2 style=\"text-align: center;\"><span style=\"font-family: arial, helvetica, sans-serif; color: #004b8c;\">Suite omnibus et \u00ab stop-the-clock \u00bb pour le CSRD et le CSDDD<\/span><\/h2>\n<p style=\"text-align: justify;\"><span style=\"font-family: arial, helvetica, sans-serif;\">16\/04\/2024- Le Parlement europ\u00e9en a approuv\u00e9 la demande et le texte de la proposition omnibus \u00ab stop-the-clock \u00bb avec une majorit\u00e9 confortable. Cependant, l&#8217;image montre \u00e9galement que les groupes politiques restent divis\u00e9s sur l&#8217;ensemble du dossier omnibus.<\/span><\/p>\n<p style=\"text-align: justify;\"><span style=\"font-family: arial, helvetica, sans-serif;\">Les n\u00e9gociations sur un texte final, le contenu du paquet Omnibus I, peuvent maintenant commencer. Cela peut prendre quelques mois, avec une pr\u00e9vision fin octobre 2025.<\/span><\/p>\n<p style=\"text-align: justify;\"><span style=\"font-family: arial, helvetica, sans-serif;\">La directive (UE) 2025\/794 modifiant la #CSRD en #CSDD a \u00e9t\u00e9 publi\u00e9e au Journal officiel de l&#8217;UE. Cette mise \u00e0 jour reporte les dates auxquelles les Etats membres doivent appliquer les exigences en mati\u00e8re de rapports de durabilit\u00e9 et au devoir de vigilance .\u00a0<\/span><\/p>\n<p><span style=\"font-family: arial, helvetica, sans-serif;\"><a href=\"https:\/\/eur-lex.europa.eu\/legal-content\/FR\/TXT\/PDF\/?uri=OJ:L_202500794\">DIRECTIVE (UE) 2025\/794 DU PARLEMENT EUROP\u00c9EN ET DU CONSEIL du 14 avril 2025 modifiant les directives (UE) 2022\/2464 et (UE) 2024\/1760 en ce qui concerne les dates \u00e0 partir desquelles les \u00c9tats membres doivent appliquer certaines obligations relatives \u00e0 la publication d\u2019informations en mati\u00e8re de durabilit\u00e9 par les entreprises et au devoir de vigilance des entreprises en mati\u00e8re de durabilit\u00e9<\/a><\/span><\/p>\n<p style=\"text-align: justify;\"><span style=\"font-family: arial, helvetica, sans-serif; color: #004b8c;\"><strong>Directive (UE) 2025\/794 du Parlement europ\u00e9en et du Conseil<\/strong><\/span><\/p>\n<p style=\"text-align: justify;\"><span style=\"font-family: arial, helvetica, sans-serif;\"><span style=\"color: #004b8c;\"><strong>But de la directive<\/strong>\u00a0<\/span>: modification des directives (UE) 2022\/2464 (CSRD) et (UE) 2024\/1760 (CSDDD) en ce qui concerne les dates \u00e0 partir desquelles les Etats membres doivent appliquer certaines obligations relatives \u00e0 la publication d\u2019informations en mati\u00e8re de durabilit\u00e9 par les entreprises et au devoir de vigilance des entreprises en mati\u00e8re de durabilit\u00e9.<\/span><\/p>\n<p style=\"text-align: justify;\"><span style=\"font-family: arial, helvetica, sans-serif; color: #004b8c;\"><strong>Points essentiels :<\/strong><\/span><\/p>\n<ol>\n<li><span style=\"font-family: arial, helvetica, sans-serif;\"><strong><span style=\"color: #004b8c;\">Contexte et objectifs<\/span> :<\/strong><\/span><\/li>\n<\/ol>\n<ul>\n<li><span style=\"font-family: arial, helvetica, sans-serif;\">La directive fait partie d&#8217;un programme plus large de la Commission europ\u00e9enne visant \u00e0 simplifier les r\u00e9glementations et \u00e0 r\u00e9duire les charges de d\u00e9claration pour les entreprises, sans compromettre les objectifs politiques du Green Deal.<\/span><\/li>\n<li><span style=\"font-family: arial, helvetica, sans-serif;\">Les amendements visent \u00e0 apporter une clart\u00e9 juridique et \u00e0 \u00e9viter les co\u00fbts inutiles pour les entreprises.<\/span><\/li>\n<\/ul>\n<p><strong>2. <span style=\"color: #004b8c; font-family: arial, helvetica, sans-serif;\">Modifications de la directive (UE) 2022\/2464 (CSRD)<\/span><\/strong><\/p>\n<ul>\n<li><span style=\"font-family: arial, helvetica, sans-serif;\">Les dates auxquelles les grandes entreprises et les entit\u00e9s d&#8217;int\u00e9r\u00eat public doivent rendre compte des questions de durabilit\u00e9 sont report\u00e9es de deux ans.<\/span><\/li>\n<li><span style=\"font-family: arial, helvetica, sans-serif;\">Les grandes entreprises doivent d\u00e9sormais faire rapport \u00e0 partir des exercices commen\u00e7ant le 1er janvier 2027 ou apr\u00e8s, et les autres grandes entreprises \u00e0 partir des exercices commen\u00e7ant le 1er janvier 2028 ou apr\u00e8s.<\/span><\/li>\n<\/ul>\n<p><span style=\"font-family: arial, helvetica, sans-serif;\"><strong>3. <span style=\"color: #004b8c;\">Modifications de la directive (UE) 2024\/1760 (CSDDD) <\/span><\/strong><\/span><\/p>\n<ul>\n<li><span style=\"font-family: arial, helvetica, sans-serif;\">La date de mise en \u0153uvre pour la premi\u00e8re s\u00e9rie d&#8217;entreprises est retard\u00e9e d&#8217;un an afin de donner aux entreprises plus de temps pour se pr\u00e9parer aux nouvelles exigences.<\/span><\/li>\n<li><span style=\"font-family: arial, helvetica, sans-serif;\">Les \u00c9tats membres doivent adopter les dispositions l\u00e9gislatives, r\u00e9glementaires et administratives n\u00e9cessaires pour se conformer \u00e0 cette directive au plus tard le 26 juillet 2027.<\/span><\/li>\n<\/ul>\n<p><span style=\"color: #004b8c; font-family: arial, helvetica, sans-serif;\"><strong>4. Transposition et entr\u00e9e en vigueur :<\/strong><\/span><\/p>\n<ul>\n<li><span style=\"font-family: arial, helvetica, sans-serif;\">Les Etats membres doivent mettre en vigueur les dispositions l\u00e9gislatives, r\u00e9glementaires et administratives n\u00e9cessaires pour se conformer \u00e0 la directive au plus tard le 31 d\u00e9cembre 2025.<\/span><\/li>\n<li><span style=\"font-family: arial, helvetica, sans-serif;\">La directive entrera en vigueur le jour suivant sa publication au Journal officiel de l&#8217;Union europ\u00e9enne.<\/span><\/li>\n<\/ul>\n<p><span style=\"color: #004b8c; font-family: arial, helvetica, sans-serif;\"><strong>Conclusion :<\/strong><\/span><\/p>\n<p><span style=\"font-family: arial, helvetica, sans-serif;\"><strong>\u00a0<\/strong>Cette directive vise \u00e0 rationaliser et \u00e0 simplifier la mise en \u0153uvre des rapports sur le d\u00e9veloppement durable et du devoir de diligence dans les entreprises, avec des dates diff\u00e9r\u00e9es pour donner aux entreprises plus de temps pour s&#8217;adapter aux nouvelles exigences.<\/span><\/p>\n","protected":false},"excerpt":{"rendered":"<p>Suite omnibus et \u00ab stop-the-clock \u00bb pour le CSRD et le CSDDD 16\/04\/2024- Le Parlement europ\u00e9en a approuv\u00e9 la demande et le texte de la proposition omnibus \u00ab stop-the-clock \u00bb avec une majorit\u00e9 confortable. Cependant, l&#8217;image montre \u00e9galement que les groupes politiques restent divis\u00e9s sur l&#8217;ensemble du dossier omnibus. Les n\u00e9gociations sur un texte final, [&hellip;]<\/p>\n","protected":false},"author":68,"featured_media":90594,"comment_status":"closed","ping_status":"closed","sticky":false,"template":"","format":"standard","meta":{"_acf_changed":false,"inline_featured_image":false,"footnotes":""},"categories":[172,185],"tags":[],"class_list":["post-109959","post","type-post","status-publish","format-standard","has-post-thumbnail","hentry","category-toutes-les-nouvelles","category-actualite"],"acf":[],"_links":{"self":[{"href":"https:\/\/www.creamoda.be\/fr\/wp-json\/wp\/v2\/posts\/109959","targetHints":{"allow":["GET"]}}],"collection":[{"href":"https:\/\/www.creamoda.be\/fr\/wp-json\/wp\/v2\/posts"}],"about":[{"href":"https:\/\/www.creamoda.be\/fr\/wp-json\/wp\/v2\/types\/post"}],"author":[{"embeddable":true,"href":"https:\/\/www.creamoda.be\/fr\/wp-json\/wp\/v2\/users\/68"}],"replies":[{"embeddable":true,"href":"https:\/\/www.creamoda.be\/fr\/wp-json\/wp\/v2\/comments?post=109959"}],"version-history":[{"count":1,"href":"https:\/\/www.creamoda.be\/fr\/wp-json\/wp\/v2\/posts\/109959\/revisions"}],"predecessor-version":[{"id":110506,"href":"https:\/\/www.creamoda.be\/fr\/wp-json\/wp\/v2\/posts\/109959\/revisions\/110506"}],"wp:featuredmedia":[{"embeddable":true,"href":"https:\/\/www.creamoda.be\/fr\/wp-json\/wp\/v2\/media\/90594"}],"wp:attachment":[{"href":"https:\/\/www.creamoda.be\/fr\/wp-json\/wp\/v2\/media?parent=109959"}],"wp:term":[{"taxonomy":"category","embeddable":true,"href":"https:\/\/www.creamoda.be\/fr\/wp-json\/wp\/v2\/categories?post=109959"},{"taxonomy":"post_tag","embeddable":true,"href":"https:\/\/www.creamoda.be\/fr\/wp-json\/wp\/v2\/tags?post=109959"}],"curies":[{"name":"wp","href":"https:\/\/api.w.org\/{rel}","templated":true}]}}